{"id":4639,"date":"2023-04-14T16:45:43","date_gmt":"2023-04-14T13:45:43","guid":{"rendered":"https:\/\/www.urfabugun.com\/?p=4639"},"modified":"2023-04-14T16:45:50","modified_gmt":"2023-04-14T13:45:50","slug":"sanliurfada-agir-hasarli-binalara-hirsiz-dadandi","status":"publish","type":"post","link":"https:\/\/www.urfabugun.com\/index.php\/2023\/04\/14\/sanliurfada-agir-hasarli-binalara-hirsiz-dadandi\/","title":{"rendered":"\u015eanl\u0131urfa\u2019da A\u011f\u0131r Hasarl\u0131 Binalara H\u0131rs\u0131z Dadand\u0131!"},"content":{"rendered":"\n<p><\/p>\n\n\n\n<p><strong>\u015eanl\u0131urfa\u2019n\u0131n Haliliye il\u00e7esinde bulunan a\u011f\u0131r hasarl\u0131 bo\u015falt\u0131lan binalara h\u0131rs\u0131zlar dadand\u0131.<\/strong><\/p>\n\n\n\n<p>6 \u015eubat\u2019ta Kahramanmara\u015f merkezli ya\u015fanan ve Asr\u0131n felaketi olarak nitelendirilen deprem sonras\u0131 \u015eanl\u0131urfa\u2019da depremden etkilenen orta, a\u011f\u0131r hasarl\u0131 ve acil y\u0131k\u0131lacak durumdaki binalar metruk yap\u0131lar haline geldi.<\/p>\n\n\n\n<p>\u015eanl\u0131urfa \u0130l Emniyet M\u00fcd\u00fcrl\u00fc\u011f\u00fc Asayi\u015f \u015eube M\u00fcd\u00fcrl\u00fc\u011f\u00fc ekipleri, Veysel Karani Mahallesi Yunus Emre Caddesi&#8217;ndeki a\u011f\u0131r hasarl\u0131 bir binadan h\u0131rs\u0131zl\u0131k yap\u0131ld\u0131\u011f\u0131n\u0131n bildirilmesi \u00fczerine \u00e7al\u0131\u015fma ba\u015flatt\u0131.<\/p>\n\n\n\n<p>Teknik ve fiziki \u00e7al\u0131\u015fmalar\u0131n ard\u0131ndan zanl\u0131lar M.K. (31) ve R.D. (30) \u00e7ald\u0131klar\u0131 klima motoruyla yakaland\u0131.<\/p>\n\n\n\n<p>Emniyetteki i\u015flemlerin ard\u0131ndan adliyeye sevk edilen \u015f\u00fcpheliler tutukland\u0131.<\/p>\n\n\n\n<p><\/p>\n\n\n\n<figure class=\"wp-block-embed is-type-video is-provider-youtube wp-block-embed-youtube wp-embed-aspect-16-9 wp-has-aspect-ratio\"><div class=\"wp-block-embed__wrapper\">\n<iframe loading=\"lazy\" title=\"\u015eanl\u0131urfa\u2019da A\u011f\u0131r Hasarl\u0131 Binalara H\u0131rs\u0131z Dadand\u0131!\" width=\"500\" height=\"281\" src=\"data:image\/png;base64,iVBORw0KGgoAAAANSUhEUgAAAAIAAAABCAQAAABeK7cBAAAAC0lEQVR42mNkAAIAAAoAAv\/lxKUAAAAASUVORK5CYII=\" data-src=\"https:\/\/www.youtube.com\/embed\/kt7UYjeuob8?feature=oembed\" frameborder=\"0\" allow=\"accelerometer; autoplay; clipboard-write; encrypted-media; gyroscope; picture-in-picture; web-share\" referrerpolicy=\"strict-origin-when-cross-origin\" class=\"kanews-lazy\" allowfullscreen><\/iframe>\n<\/div><\/figure>\n","protected":false},"excerpt":{"rendered":"<p>\u015eanl\u0131urfa\u2019n\u0131n Haliliye il\u00e7esinde bulunan a\u011f\u0131r hasarl\u0131 bo\u015falt\u0131lan binalara h\u0131rs\u0131zlar dadand\u0131. 6 \u015eubat\u2019ta Kahramanmara\u015f merkezli ya\u015fanan ve&#46;&#46;&#46;<\/p>\n","protected":false},"author":2,"featured_media":4642,"comment_status":"open","ping_status":"open","sticky":false,"template":"","format":"standard","meta":{"inline_featured_image":false,"footnotes":""},"categories":[75],"tags":[404,184,178,118,1479,131,1480,1316,107,608,93],"manset":[],"class_list":["post-4639","post","type-post","status-publish","format-standard","has-post-thumbnail","hentry","category-asayis-haberleri","tag-adiyaman","tag-asayis","tag-deprem","tag-sanliurfa","tag-sanliurfada-agir-hasarli-binalara-hirsiz-dadandi","tag-son-dakika","tag-son-dakika-asayis","tag-son-dakika-haberler","tag-ub","tag-urfa-bugun","tag-ust"],"_links":{"self":[{"href":"https:\/\/www.urfabugun.com\/index.php\/wp-json\/wp\/v2\/posts\/4639","targetHints":{"allow":["GET"]}}],"collection":[{"href":"https:\/\/www.urfabugun.com\/index.php\/wp-json\/wp\/v2\/posts"}],"about":[{"href":"https:\/\/www.urfabugun.com\/index.php\/wp-json\/wp\/v2\/types\/post"}],"author":[{"embeddable":true,"href":"https:\/\/www.urfabugun.com\/index.php\/wp-json\/wp\/v2\/users\/2"}],"replies":[{"embeddable":true,"href":"https:\/\/www.urfabugun.com\/index.php\/wp-json\/wp\/v2\/comments?post=4639"}],"version-history":[{"count":0,"href":"https:\/\/www.urfabugun.com\/index.php\/wp-json\/wp\/v2\/posts\/4639\/revisions"}],"wp:featuredmedia":[{"embeddable":true,"href":"https:\/\/www.urfabugun.com\/index.php\/wp-json\/wp\/v2\/media\/4642"}],"wp:attachment":[{"href":"https:\/\/www.urfabugun.com\/index.php\/wp-json\/wp\/v2\/media?parent=4639"}],"wp:term":[{"taxonomy":"category","embeddable":true,"href":"https:\/\/www.urfabugun.com\/index.php\/wp-json\/wp\/v2\/categories?post=4639"},{"taxonomy":"post_tag","embeddable":true,"href":"https:\/\/www.urfabugun.com\/index.php\/wp-json\/wp\/v2\/tags?post=4639"},{"taxonomy":"manset","embeddable":true,"href":"https:\/\/www.urfabugun.com\/index.php\/wp-json\/wp\/v2\/manset?post=4639"}],"curies":[{"name":"wp","href":"https:\/\/api.w.org\/{rel}","templated":true}]}}