{"id":4772,"date":"2023-04-17T17:50:00","date_gmt":"2023-04-17T14:50:00","guid":{"rendered":"https:\/\/www.urfabugun.com\/?p=4772"},"modified":"2023-04-17T17:07:19","modified_gmt":"2023-04-17T14:07:19","slug":"suriyenin-kuzeyinde-pkk-ypgli-10-terorist-etkisiz-hale-getirildi","status":"publish","type":"post","link":"https:\/\/www.urfabugun.com\/index.php\/2023\/04\/17\/suriyenin-kuzeyinde-pkk-ypgli-10-terorist-etkisiz-hale-getirildi\/","title":{"rendered":"Suriye\u2019nin Kuzeyinde PKK\/YPG\u2019li 10 Ter\u00f6rist Etkisiz Hale Getirildi!"},"content":{"rendered":"\n<p><\/p>\n\n\n\n<p><strong>Milli Savunma Bakan\u0131 Hulusi Akar, ter\u00f6r \u00f6rg\u00fct\u00fc PKK\/YPG&#8217;nin Suriye&#8217;nin kuzeyinde 4 askerin yaraland\u0131\u011f\u0131 sald\u0131r\u0131s\u0131na misliyle kar\u015f\u0131l\u0131k verildi\u011fini ve 10 ter\u00f6ristin etkisiz hale getirildi\u011fini a\u00e7\u0131klad\u0131.<\/strong><\/p>\n\n\n\n<p>Milli Savunma Bakan\u0131 Hulusi Akar, Suriye\u2019nin kuzeyinde Zeytin Dal\u0131 ve F\u0131rat Kalkan\u0131 \u00fcs b\u00f6lgelerine ger\u00e7ekle\u015ftirilen ter\u00f6r sald\u0131r\u0131lar\u0131 ile g\u00fcndeme ili\u015fkin a\u00e7\u0131klamalarda bulundu.<\/p>\n\n\n\n<p>Bakan Akar, konu\u015fmas\u0131nda \u015funlar\u0131 kaydetti;<\/p>\n\n\n\n<p>Ter\u00f6rle m\u00fccadelemiz aksamadan, kararl\u0131l\u0131kla, azimle devam etmektedir. En son ter\u00f6rist etkisiz hale getirilinceye kadar m\u00fccadelemiz devam edecek. \u015eu anda m\u00fccadelemiz devam ediyor. Bilinen t\u00fcm ter\u00f6r hedefleri ate\u015f alt\u0131na al\u0131nd\u0131. 4 yaral\u0131m\u0131z var onlar\u0131n da gerekli t\u0131bbi tedavileri s\u00fcr\u00fcyor. Ter\u00f6ristlerin tek kurtulu\u015f yolu adalete teslim olmalar\u0131d\u0131r. Ter\u00f6ristlerin 10 ter\u00f6rist etkisiz hale getirildi.<\/p>\n","protected":false},"excerpt":{"rendered":"<p>Milli Savunma Bakan\u0131 Hulusi Akar, ter\u00f6r \u00f6rg\u00fct\u00fc PKK\/YPG&#8217;nin Suriye&#8217;nin kuzeyinde 4 askerin yaraland\u0131\u011f\u0131 sald\u0131r\u0131s\u0131na misliyle kar\u015f\u0131l\u0131k&#46;&#46;&#46;<\/p>\n","protected":false},"author":2,"featured_media":4774,"comment_status":"open","ping_status":"open","sticky":false,"template":"","format":"standard","meta":{"inline_featured_image":false,"footnotes":""},"categories":[75],"tags":[178,118,131,139,1551,107,130,608,93],"manset":[],"class_list":["post-4772","post","type-post","status-publish","format-standard","has-post-thumbnail","hentry","category-asayis-haberleri","tag-deprem","tag-sanliurfa","tag-son-dakika","tag-sondakika","tag-suriyenin-kuzeyinde-pkk-ypgli-10-terorist-etkisiz-hale-getirildi","tag-ub","tag-urfa","tag-urfa-bugun","tag-ust"],"_links":{"self":[{"href":"https:\/\/www.urfabugun.com\/index.php\/wp-json\/wp\/v2\/posts\/4772","targetHints":{"allow":["GET"]}}],"collection":[{"href":"https:\/\/www.urfabugun.com\/index.php\/wp-json\/wp\/v2\/posts"}],"about":[{"href":"https:\/\/www.urfabugun.com\/index.php\/wp-json\/wp\/v2\/types\/post"}],"author":[{"embeddable":true,"href":"https:\/\/www.urfabugun.com\/index.php\/wp-json\/wp\/v2\/users\/2"}],"replies":[{"embeddable":true,"href":"https:\/\/www.urfabugun.com\/index.php\/wp-json\/wp\/v2\/comments?post=4772"}],"version-history":[{"count":0,"href":"https:\/\/www.urfabugun.com\/index.php\/wp-json\/wp\/v2\/posts\/4772\/revisions"}],"wp:featuredmedia":[{"embeddable":true,"href":"https:\/\/www.urfabugun.com\/index.php\/wp-json\/wp\/v2\/media\/4774"}],"wp:attachment":[{"href":"https:\/\/www.urfabugun.com\/index.php\/wp-json\/wp\/v2\/media?parent=4772"}],"wp:term":[{"taxonomy":"category","embeddable":true,"href":"https:\/\/www.urfabugun.com\/index.php\/wp-json\/wp\/v2\/categories?post=4772"},{"taxonomy":"post_tag","embeddable":true,"href":"https:\/\/www.urfabugun.com\/index.php\/wp-json\/wp\/v2\/tags?post=4772"},{"taxonomy":"manset","embeddable":true,"href":"https:\/\/www.urfabugun.com\/index.php\/wp-json\/wp\/v2\/manset?post=4772"}],"curies":[{"name":"wp","href":"https:\/\/api.w.org\/{rel}","templated":true}]}}