{"id":4803,"date":"2023-04-18T14:00:49","date_gmt":"2023-04-18T11:00:49","guid":{"rendered":"https:\/\/www.urfabugun.com\/?p=4803"},"modified":"2023-04-18T14:00:55","modified_gmt":"2023-04-18T11:00:55","slug":"sanliurfada-minibus-kontrolden-cikti2-yarali","status":"publish","type":"post","link":"https:\/\/www.urfabugun.com\/index.php\/2023\/04\/18\/sanliurfada-minibus-kontrolden-cikti2-yarali\/","title":{"rendered":"\u015eanl\u0131urfa\u2019da Minib\u00fcs Kontrolden \u00c7\u0131kt\u0131:2 Yaral\u0131!"},"content":{"rendered":"\n<p><\/p>\n\n\n\n<p><strong>\u015eanl\u0131urfa&#8217;n\u0131n Suru\u00e7 il\u00e7esinde kontrolden \u00e7\u0131kan minib\u00fcs\u00fcn yan yatmas\u0131 sonucu 2 ki\u015fi yaraland\u0131.<\/strong><\/p>\n\n\n\n<p>Kaza \u015eanl\u0131urfa\u2019n\u0131n Suru\u00e7 il\u00e7esine ba\u011fl\u0131 Alida\u011f k\u0131rsal\u0131nda meydana geldi. Alida\u011f k\u0131rsal mahallesinde hen\u00fcz s\u00fcr\u00fcc\u00fcs\u00fcn\u00fcn ismi ve plakas\u0131 \u00f6\u011frenilemeyen minib\u00fcs kontrolden \u00e7\u0131karak yan yatt\u0131.<\/p>\n\n\n\n<p>\u00c7evredeki vatanda\u015flar\u0131n ihbar\u0131 \u00fczerine olay yerine \u00e7ok say\u0131da sa\u011fl\u0131k ve polis ekibi sevk edildi. Sa\u011fl\u0131k ekiplerinin Olay yerinde yapt\u0131\u011f\u0131 ilk m\u00fcdahalenin ard\u0131ndan 2 yaral\u0131 vatanda\u015f hastaneye kald\u0131r\u0131ld\u0131.<\/p>\n\n\n\n<p>Meydana Kazayla ilgili inceleme ba\u015flat\u0131ld\u0131.<\/p>\n","protected":false},"excerpt":{"rendered":"<p>\u015eanl\u0131urfa&#8217;n\u0131n Suru\u00e7 il\u00e7esinde kontrolden \u00e7\u0131kan minib\u00fcs\u00fcn yan yatmas\u0131 sonucu 2 ki\u015fi yaraland\u0131. Kaza \u015eanl\u0131urfa\u2019n\u0131n Suru\u00e7 il\u00e7esine&#46;&#46;&#46;<\/p>\n","protected":false},"author":2,"featured_media":4805,"comment_status":"open","ping_status":"open","sticky":false,"template":"","format":"standard","meta":{"inline_featured_image":false,"footnotes":""},"categories":[75],"tags":[1572,178,118,995,131,1573,107,608,93],"manset":[],"class_list":["post-4803","post","type-post","status-publish","format-standard","has-post-thumbnail","hentry","category-asayis-haberleri","tag-asayis-2","tag-deprem","tag-sanliurfa","tag-son-dakika-2","tag-son-dakika","tag-suructa-trafik-kazasi","tag-ub","tag-urfa-bugun","tag-ust"],"_links":{"self":[{"href":"https:\/\/www.urfabugun.com\/index.php\/wp-json\/wp\/v2\/posts\/4803","targetHints":{"allow":["GET"]}}],"collection":[{"href":"https:\/\/www.urfabugun.com\/index.php\/wp-json\/wp\/v2\/posts"}],"about":[{"href":"https:\/\/www.urfabugun.com\/index.php\/wp-json\/wp\/v2\/types\/post"}],"author":[{"embeddable":true,"href":"https:\/\/www.urfabugun.com\/index.php\/wp-json\/wp\/v2\/users\/2"}],"replies":[{"embeddable":true,"href":"https:\/\/www.urfabugun.com\/index.php\/wp-json\/wp\/v2\/comments?post=4803"}],"version-history":[{"count":0,"href":"https:\/\/www.urfabugun.com\/index.php\/wp-json\/wp\/v2\/posts\/4803\/revisions"}],"wp:featuredmedia":[{"embeddable":true,"href":"https:\/\/www.urfabugun.com\/index.php\/wp-json\/wp\/v2\/media\/4805"}],"wp:attachment":[{"href":"https:\/\/www.urfabugun.com\/index.php\/wp-json\/wp\/v2\/media?parent=4803"}],"wp:term":[{"taxonomy":"category","embeddable":true,"href":"https:\/\/www.urfabugun.com\/index.php\/wp-json\/wp\/v2\/categories?post=4803"},{"taxonomy":"post_tag","embeddable":true,"href":"https:\/\/www.urfabugun.com\/index.php\/wp-json\/wp\/v2\/tags?post=4803"},{"taxonomy":"manset","embeddable":true,"href":"https:\/\/www.urfabugun.com\/index.php\/wp-json\/wp\/v2\/manset?post=4803"}],"curies":[{"name":"wp","href":"https:\/\/api.w.org\/{rel}","templated":true}]}}