{"id":4815,"date":"2023-04-19T09:45:23","date_gmt":"2023-04-19T06:45:23","guid":{"rendered":"https:\/\/www.urfabugun.com\/?p=4815"},"modified":"2023-04-19T09:45:30","modified_gmt":"2023-04-19T06:45:30","slug":"sanliurfada-deprem","status":"publish","type":"post","link":"https:\/\/www.urfabugun.com\/index.php\/2023\/04\/19\/sanliurfada-deprem\/","title":{"rendered":"\u015eanl\u0131urfa\u2019da Deprem!\u00a0"},"content":{"rendered":"\n<p><p class=\"p1\" style=\"margin-right: 0px; margin-bottom: 0px; margin-left: 0px; font-stretch: normal; font-size: 17px; line-height: normal; caret-color: rgb(0, 0, 0); color: rgb(0, 0, 0); white-space: normal; word-spacing: 0px; -webkit-tap-highlight-color: rgba(26, 26, 26, 0.3); -webkit-text-size-adjust: auto;\"><\/p><p class=\"p1\" style=\"margin: 0px; font-stretch: normal; font-size: 17px; line-height: normal; caret-color: rgb(0, 0, 0); color: rgb(0, 0, 0); white-space: normal; word-spacing: 0px; -webkit-tap-highlight-color: rgba(26, 26, 26, 0.3); -webkit-text-size-adjust: auto;\"><span class=\"s1\" style=\"font-family: UICTFontTextStyleBody;\"><strong>09.17&#8217;da \u015eanl\u0131urfa&#8217;da deprem meydana geldi.<\/strong><\/span><span class=\"s1\" style=\"font-family: UICTFontTextStyleBody;\"><\/span><\/p><span style=\"font-family: UICTFontTextStyleBody; caret-color: rgb(0, 0, 0); color: rgb(0, 0, 0); font-size: 17px; white-space: normal; word-spacing: 0px; -webkit-text-size-adjust: auto;\">Kandilli Rasathanesine g\u00f6re depremin \u015fiddeti 2, olarak a\u00e7\u0131kland\u0131. Depremin 1..6 kilometre derinlikte oldu\u011fu belirlendi.\u00a0<\/span><\/p>\n","protected":false},"excerpt":{"rendered":"<p>09.17&#8217;da \u015eanl\u0131urfa&#8217;da deprem meydana geldi. Kandilli Rasathanesine g\u00f6re depremin \u015fiddeti 2, olarak a\u00e7\u0131kland\u0131. Depremin 1..6 kilometre&#46;&#46;&#46;<\/p>\n","protected":false},"author":2,"featured_media":4325,"comment_status":"open","ping_status":"open","sticky":false,"template":"","format":"standard","meta":{"inline_featured_image":false,"footnotes":""},"categories":[82],"tags":[404,178,118,131,1577,139,107,608,93],"manset":[],"class_list":["post-4815","post","type-post","status-publish","format-standard","has-post-thumbnail","hentry","category-gundem-haberleri","tag-adiyaman","tag-deprem","tag-sanliurfa","tag-son-dakika","tag-son-dakika-urfa-deprem","tag-sondakika","tag-ub","tag-urfa-bugun","tag-ust"],"_links":{"self":[{"href":"https:\/\/www.urfabugun.com\/index.php\/wp-json\/wp\/v2\/posts\/4815","targetHints":{"allow":["GET"]}}],"collection":[{"href":"https:\/\/www.urfabugun.com\/index.php\/wp-json\/wp\/v2\/posts"}],"about":[{"href":"https:\/\/www.urfabugun.com\/index.php\/wp-json\/wp\/v2\/types\/post"}],"author":[{"embeddable":true,"href":"https:\/\/www.urfabugun.com\/index.php\/wp-json\/wp\/v2\/users\/2"}],"replies":[{"embeddable":true,"href":"https:\/\/www.urfabugun.com\/index.php\/wp-json\/wp\/v2\/comments?post=4815"}],"version-history":[{"count":0,"href":"https:\/\/www.urfabugun.com\/index.php\/wp-json\/wp\/v2\/posts\/4815\/revisions"}],"wp:featuredmedia":[{"embeddable":true,"href":"https:\/\/www.urfabugun.com\/index.php\/wp-json\/wp\/v2\/media\/4325"}],"wp:attachment":[{"href":"https:\/\/www.urfabugun.com\/index.php\/wp-json\/wp\/v2\/media?parent=4815"}],"wp:term":[{"taxonomy":"category","embeddable":true,"href":"https:\/\/www.urfabugun.com\/index.php\/wp-json\/wp\/v2\/categories?post=4815"},{"taxonomy":"post_tag","embeddable":true,"href":"https:\/\/www.urfabugun.com\/index.php\/wp-json\/wp\/v2\/tags?post=4815"},{"taxonomy":"manset","embeddable":true,"href":"https:\/\/www.urfabugun.com\/index.php\/wp-json\/wp\/v2\/manset?post=4815"}],"curies":[{"name":"wp","href":"https:\/\/api.w.org\/{rel}","templated":true}]}}