{"id":4818,"date":"2023-04-19T10:31:28","date_gmt":"2023-04-19T07:31:28","guid":{"rendered":"https:\/\/www.urfabugun.com\/?p=4818"},"modified":"2023-04-19T10:31:34","modified_gmt":"2023-04-19T07:31:34","slug":"pfdkdan-sanliurfaspora-ceza","status":"publish","type":"post","link":"https:\/\/www.urfabugun.com\/index.php\/2023\/04\/19\/pfdkdan-sanliurfaspora-ceza\/","title":{"rendered":"PFDK\u2019dan \u015eanl\u0131urfaspor\u2019a Ceza!"},"content":{"rendered":"\n<p><\/p>\n\n\n\n<p><strong>Profesyonel Futbol Disiplin Kurulu, \u015eanl\u0131urfaspor\u2019a 1 resmi m\u00fcsabakay\u0131 kendi sahas\u0131nda seyircisiz oynama cezas\u0131 verdi. \u015eampiyonluk i\u00e7in m\u00fccadele eden Urfaspor, b\u00f6ylece hafta sonu sahas\u0131nda oynayaca\u011f\u0131 Somaspor ma\u00e7\u0131n\u0131 seyircisiz oynayacak.<\/strong><\/p>\n\n\n\n<p>Profesyonel Futbol Disiplin Kurulu (PFDK), \u015eanl\u0131urfaspor\u2019un Erokspor ile sahas\u0131nda oynad\u0131\u011f\u0131 kar\u015f\u0131la\u015fmada taraftarlar\u0131n\u0131n neden oldu\u011fu \u00e7irkin ve k\u00f6t\u00fc tezah\u00fcrat\u0131 nedeniyle ev sahibi tajk\u0131ma ceza ya\u011fd\u0131rd\u0131. PFDK, konuyla ilgili \u015fu karar\u0131 ald\u0131:<\/p>\n\n\n\n<p>\u201c\u015eANLIURFASPOR Kul\u00fcb\u00fcn\u00fcn, 11.04.2023 tarihinde oynanan \u015eanl\u0131urfaspor \u2013esenler erokspor TFF 2. Lig Beyaz Grup m\u00fcsabakas\u0131nda, taraftarlar\u0131n\u0131n neden oldu\u011fu \u00e7irkin ve k\u00f6t\u00fc tezah\u00fcrat nedeniyle ve bu eylemin ayn\u0131 sezon i\u00e7inde ev sahibi kul\u00fcp oldu\u011fu m\u00fcsabakada 5. kez ger\u00e7ekle\u015ftirilmesinden dolay\u0131 1 RESM\u0130 M\u00dcSABAKAYI KEND\u0130 SAHASINDA SEY\u0130RC\u0130S\u0130Z OYNAMA ve 6.000.-TL PARA CEZASI ile cezaland\u0131r\u0131lmas\u0131na, Ayn\u0131 m\u00fcsabakada \u015eanl\u0131urfaspor Kul\u00fcb\u00fcn\u00fcn, taraftarlar\u0131n\u0131n neden oldu\u011fu saha olaylar\u0131 nedeniyle 14.000.-TL PARA CEZASI ile cezaland\u0131r\u0131lmas\u0131na, Ayn\u0131 m\u00fcsabakada \u015eANLIURFASPOR Kul\u00fcb\u00fc g\u00f6revlisi BATUHAN KARKINAY\u2019\u0131n, m\u00fcsabaka esnas\u0131nda akredite edilmedi\u011fi yedek kul\u00fcbesinde bulunmas\u0131ndan dolay\u0131 talimatlara ayk\u0131r\u0131l\u0131k nedeniyle \u0130HTAR CEZASI ile cezaland\u0131r\u0131lmas\u0131na karar verilmi\u015ftir.\u201d (Urfastar)<\/p>\n","protected":false},"excerpt":{"rendered":"<p>Profesyonel Futbol Disiplin Kurulu, \u015eanl\u0131urfaspor\u2019a 1 resmi m\u00fcsabakay\u0131 kendi sahas\u0131nda seyircisiz oynama cezas\u0131 verdi. \u015eampiyonluk i\u00e7in&#46;&#46;&#46;<\/p>\n","protected":false},"author":2,"featured_media":3855,"comment_status":"open","ping_status":"open","sticky":false,"template":"","format":"standard","meta":{"inline_featured_image":false,"footnotes":""},"categories":[88],"tags":[178,1578,118,270,131,1314,107,608,122,93],"manset":[],"class_list":["post-4818","post","type-post","status-publish","format-standard","has-post-thumbnail","hentry","category-spor-haberleri","tag-deprem","tag-pfdkdan-sanliurfaspora-ceza","tag-sanliurfa","tag-sanliurfaspor","tag-son-dakika","tag-son-dakika-urfa","tag-ub","tag-urfa-bugun","tag-urfaspor","tag-ust"],"_links":{"self":[{"href":"https:\/\/www.urfabugun.com\/index.php\/wp-json\/wp\/v2\/posts\/4818","targetHints":{"allow":["GET"]}}],"collection":[{"href":"https:\/\/www.urfabugun.com\/index.php\/wp-json\/wp\/v2\/posts"}],"about":[{"href":"https:\/\/www.urfabugun.com\/index.php\/wp-json\/wp\/v2\/types\/post"}],"author":[{"embeddable":true,"href":"https:\/\/www.urfabugun.com\/index.php\/wp-json\/wp\/v2\/users\/2"}],"replies":[{"embeddable":true,"href":"https:\/\/www.urfabugun.com\/index.php\/wp-json\/wp\/v2\/comments?post=4818"}],"version-history":[{"count":0,"href":"https:\/\/www.urfabugun.com\/index.php\/wp-json\/wp\/v2\/posts\/4818\/revisions"}],"wp:featuredmedia":[{"embeddable":true,"href":"https:\/\/www.urfabugun.com\/index.php\/wp-json\/wp\/v2\/media\/3855"}],"wp:attachment":[{"href":"https:\/\/www.urfabugun.com\/index.php\/wp-json\/wp\/v2\/media?parent=4818"}],"wp:term":[{"taxonomy":"category","embeddable":true,"href":"https:\/\/www.urfabugun.com\/index.php\/wp-json\/wp\/v2\/categories?post=4818"},{"taxonomy":"post_tag","embeddable":true,"href":"https:\/\/www.urfabugun.com\/index.php\/wp-json\/wp\/v2\/tags?post=4818"},{"taxonomy":"manset","embeddable":true,"href":"https:\/\/www.urfabugun.com\/index.php\/wp-json\/wp\/v2\/manset?post=4818"}],"curies":[{"name":"wp","href":"https:\/\/api.w.org\/{rel}","templated":true}]}}