{"id":4857,"date":"2023-04-20T10:35:21","date_gmt":"2023-04-20T07:35:21","guid":{"rendered":"https:\/\/www.urfabugun.com\/?p=4857"},"modified":"2023-04-20T10:35:29","modified_gmt":"2023-04-20T07:35:29","slug":"bayramda-sanliurfada-hava-nasil-olacak","status":"publish","type":"post","link":"https:\/\/www.urfabugun.com\/index.php\/2023\/04\/20\/bayramda-sanliurfada-hava-nasil-olacak\/","title":{"rendered":"Bayram\u2019da \u015eanl\u0131urfa\u2019da Hava Nas\u0131l Olacak?"},"content":{"rendered":"\n<p><\/p>\n\n\n\n<p><strong>Ramazan Bayram\u0131\u2019na g\u00fcnler kala en \u00e7ok merak edilenlerden biri de hava durumu. Arife ve bayram\u0131n ilk g\u00fcn\u00fc t\u00fcm yurt genelinde ya\u011f\u0131\u015fl\u0131 havan\u0131n h\u00e2kim olmas\u0131 beklenirken, \u015eanl\u0131urfa\u2019da da g\u00fcne\u015fli bir havan\u0131n h\u00e2kim olmas\u0131 bekleniyor.<br><\/strong><br>Meteoroloji\u2019den yap\u0131lan de\u011ferlendirmelere g\u00f6re, s\u0131cakl\u0131klar\u0131n bat\u0131 b\u00f6lgelerde mevsim normalleri civar\u0131nda, i\u00e7 ve do\u011fu b\u00f6lgelerde mevsim normalleri \u00fczerinde seyredecek.<br><br>Hava s\u0131cakl\u0131klar\u0131n\u0131n per\u015fembe g\u00fcn\u00fc yurt genelinde azalaca\u011f\u0131 tahmin ediliyor.<\/p>\n\n\n\n<p>Bayram\u0131n 1. G\u00fcn\u00fc \u015eanl\u0131urfa\u2019da hava s\u0131cakl\u0131\u011f\u0131 22 derece civar\u0131nda ve g\u00fcne\u015fli hava h\u00e2kim olacak. Bayram\u0131n 2. ve 3. g\u00fcn\u00fc de \u015eanl\u0131urfa\u2019da hava genelde a\u00e7\u0131k ve \u00e7o\u011funlukla g\u00fcne\u015fli olacak.<br>G\u00fcneydo\u011fu Anadolu B\u00f6lgesi\u2019nde de havan\u0131n par\u00e7al\u0131 ve az bulutlu olmas\u0131 bekleniyor.<\/p>\n","protected":false},"excerpt":{"rendered":"<p>Ramazan Bayram\u0131\u2019na g\u00fcnler kala en \u00e7ok merak edilenlerden biri de hava durumu. Arife ve bayram\u0131n ilk&#46;&#46;&#46;<\/p>\n","protected":false},"author":2,"featured_media":4859,"comment_status":"open","ping_status":"open","sticky":false,"template":"","format":"standard","meta":{"inline_featured_image":false,"footnotes":""},"categories":[92],"tags":[1599,178,118,131,107,608,93],"manset":[],"class_list":["post-4857","post","type-post","status-publish","format-standard","has-post-thumbnail","hentry","category-yasam-haberleri","tag-bayramda-sanliurfada-hava-nasil-olacak","tag-deprem","tag-sanliurfa","tag-son-dakika","tag-ub","tag-urfa-bugun","tag-ust"],"_links":{"self":[{"href":"https:\/\/www.urfabugun.com\/index.php\/wp-json\/wp\/v2\/posts\/4857","targetHints":{"allow":["GET"]}}],"collection":[{"href":"https:\/\/www.urfabugun.com\/index.php\/wp-json\/wp\/v2\/posts"}],"about":[{"href":"https:\/\/www.urfabugun.com\/index.php\/wp-json\/wp\/v2\/types\/post"}],"author":[{"embeddable":true,"href":"https:\/\/www.urfabugun.com\/index.php\/wp-json\/wp\/v2\/users\/2"}],"replies":[{"embeddable":true,"href":"https:\/\/www.urfabugun.com\/index.php\/wp-json\/wp\/v2\/comments?post=4857"}],"version-history":[{"count":0,"href":"https:\/\/www.urfabugun.com\/index.php\/wp-json\/wp\/v2\/posts\/4857\/revisions"}],"wp:featuredmedia":[{"embeddable":true,"href":"https:\/\/www.urfabugun.com\/index.php\/wp-json\/wp\/v2\/media\/4859"}],"wp:attachment":[{"href":"https:\/\/www.urfabugun.com\/index.php\/wp-json\/wp\/v2\/media?parent=4857"}],"wp:term":[{"taxonomy":"category","embeddable":true,"href":"https:\/\/www.urfabugun.com\/index.php\/wp-json\/wp\/v2\/categories?post=4857"},{"taxonomy":"post_tag","embeddable":true,"href":"https:\/\/www.urfabugun.com\/index.php\/wp-json\/wp\/v2\/tags?post=4857"},{"taxonomy":"manset","embeddable":true,"href":"https:\/\/www.urfabugun.com\/index.php\/wp-json\/wp\/v2\/manset?post=4857"}],"curies":[{"name":"wp","href":"https:\/\/api.w.org\/{rel}","templated":true}]}}