{"id":4880,"date":"2023-04-20T21:53:06","date_gmt":"2023-04-20T18:53:06","guid":{"rendered":"https:\/\/www.urfabugun.com\/?p=4880"},"modified":"2023-04-20T21:53:31","modified_gmt":"2023-04-20T18:53:31","slug":"4880","status":"publish","type":"post","link":"https:\/\/www.urfabugun.com\/index.php\/2023\/04\/20\/4880\/","title":{"rendered":"Cumhurba\u015fkan\u0131 Erdo\u011fan\u2019dan \u00dccretsiz Do\u011fal Gaz M\u00fcjdesi!"},"content":{"rendered":"\n<p><\/p>\n\n\n\n<p><strong>T\u00fcrkiye tarihinin en \u00f6nemli enerji projelerinden Karadeniz gaz\u0131, Filyos Do\u011falgaz \u0130\u015fleme Tesisi&#8217;nde ilk kez karaya ula\u015ft\u0131r\u0131l\u0131yor. Cumhurba\u015fkan\u0131 Erdo\u011fan&#8217;\u0131n t\u00f6rende iki m\u00fcjdeyi a\u00e7\u0131klad\u0131. Cumhurba\u015fkan\u0131 &#8220;Do\u011falgaz, \u0131s\u0131nmada 1 ay, s\u0131cak su ve mutfakta 1 y\u0131l \u00fccretsiz olacak&#8221; dedi.<\/strong><\/p>\n\n\n\n<p>Cumhurba\u015fkan\u0131 Erdo\u011fan, yapt\u0131\u011f\u0131 konu\u015fmada, \u201c\u0130kinci bayram\u0131m\u0131z \u00fclkemizin enerji ba\u011f\u0131ms\u0131zl\u0131\u011f\u0131 yolunda tarihi bir ad\u0131m olan Karadeniz gaz\u0131n\u0131n devreye al\u0131nmas\u0131d\u0131r.\u201d dedi.<\/p>\n\n\n\n<p>\u201cD\u00fcnyan\u0131n di\u011fer yerlerinde 6-7 y\u0131l s\u00fcren ke\u015ffedilen gaz\u0131 kullan\u0131labilir hale getirme s\u00fcresini biz bu tempoyla 3 y\u0131l\u0131n alt\u0131na indirdik.\u201d ifadesini kullanan Cumhurba\u015fkan\u0131 Erdo\u011fan, \u201cSakarya Sahas\u0131\u2019ndan ilk etapta g\u00fcnde 10 milyon metrek\u00fcp, a\u00e7aca\u011f\u0131m\u0131z yeni kuyularla birlikte ilerleyen s\u00fcre\u00e7te g\u00fcnde 40 milyon metre k\u00fcp gaz \u00e7\u0131kartaca\u011f\u0131z.\u201d \u015feklinde konu\u015ftu.<\/p>\n\n\n\n<p>\u201cBu ba\u015far\u0131n\u0131n gururu milletimizin tamam\u0131na aittir\u201d<\/p>\n\n\n\n<p>Cumhurba\u015fkan\u0131 Erdo\u011fan, \u201cYakla\u015f\u0131k 10 bin personelin ve 50 geminin geceli g\u00fcnd\u00fczl\u00fc \u00e7al\u0131\u015fmas\u0131yla ortaya \u00e7\u0131kan bu ba\u015far\u0131n\u0131n gururu milletimizin tamam\u0131na aittir.\u201d dedi.<\/p>\n\n\n\n<p>Erdo\u011fan, \u201c(Karadeniz do\u011fal gaz\u0131) Tam kapasiteye \u00e7\u0131kt\u0131\u011f\u0131m\u0131zda \u00fclkemizin y\u0131ll\u0131k ihtiyac\u0131n\u0131n yakla\u015f\u0131k y\u00fczde 30\u2019unu buradan kar\u015f\u0131layabilece\u011fiz.\u201d ifadesini kulland\u0131.<\/p>\n\n\n\n<p>\u201cMutfak ve s\u0131cak su t\u00fcketiminde kullan\u0131lan do\u011fal gaz\u0131 bir y\u0131l s\u00fcreyle \u00fccretsiz verece\u011fiz\u201d<\/p>\n\n\n\n<p>\u201cSadece \u00fclkemizin do\u011fal gazda d\u0131\u015fa ba\u011f\u0131ml\u0131l\u0131\u011f\u0131n\u0131 \u00f6nemli \u00f6l\u00e7\u00fcde azaltmakla kalm\u0131yor, Filyos ve Zonguldak b\u00f6lgesini \u00f6nemli bir enerji \u00fcss\u00fc haline getiriyoruz.\u201d diyen Cumhurba\u015fkan\u0131 Erdo\u011fan, \u201cVatanda\u015flar\u0131m\u0131z\u0131n evlerindeki mutfaklar\u0131nda ve s\u0131cak su t\u00fcketiminde kulland\u0131klar\u0131 do\u011fal gaz\u0131 bir y\u0131l s\u00fcreyle \u00fccretsiz veriyoruz.\u201d ifadesini kulland\u0131.<\/p>\n\n\n\n<p>Cumhurba\u015fkan\u0131 Erdo\u011fan, \u201cAyl\u0131k ortalama 25 metrek\u00fcpe denk gelen mutfak ve s\u0131cak su t\u00fcketimi i\u00e7in gereken do\u011fal gaz\u0131n bedeli bir y\u0131l boyunca faturalardan d\u00fc\u015f\u00fcr\u00fclecektir.\u201d diyerek, \u201cBir ay boyunca T\u00fcrkiye\u2019nin tamam\u0131ndaki konutlar\u0131n do\u011fal gaz t\u00fcketiminden \u00fccret almayaca\u011f\u0131z.\u201d \u015feklinde konu\u015ftu.<\/p>\n","protected":false},"excerpt":{"rendered":"<p>T\u00fcrkiye tarihinin en \u00f6nemli enerji projelerinden Karadeniz gaz\u0131, Filyos Do\u011falgaz \u0130\u015fleme Tesisi&#8217;nde ilk kez karaya ula\u015ft\u0131r\u0131l\u0131yor.&#46;&#46;&#46;<\/p>\n","protected":false},"author":2,"featured_media":4882,"comment_status":"open","ping_status":"open","sticky":false,"template":"","format":"standard","meta":{"inline_featured_image":false,"footnotes":""},"categories":[82],"tags":[1605,1606,131,107,608,93],"manset":[],"class_list":["post-4880","post","type-post","status-publish","format-standard","has-post-thumbnail","hentry","category-gundem-haberleri","tag-dogalgaz-2","tag-erdogandan-dogalgaz-mujdesi","tag-son-dakika","tag-ub","tag-urfa-bugun","tag-ust"],"_links":{"self":[{"href":"https:\/\/www.urfabugun.com\/index.php\/wp-json\/wp\/v2\/posts\/4880","targetHints":{"allow":["GET"]}}],"collection":[{"href":"https:\/\/www.urfabugun.com\/index.php\/wp-json\/wp\/v2\/posts"}],"about":[{"href":"https:\/\/www.urfabugun.com\/index.php\/wp-json\/wp\/v2\/types\/post"}],"author":[{"embeddable":true,"href":"https:\/\/www.urfabugun.com\/index.php\/wp-json\/wp\/v2\/users\/2"}],"replies":[{"embeddable":true,"href":"https:\/\/www.urfabugun.com\/index.php\/wp-json\/wp\/v2\/comments?post=4880"}],"version-history":[{"count":0,"href":"https:\/\/www.urfabugun.com\/index.php\/wp-json\/wp\/v2\/posts\/4880\/revisions"}],"wp:featuredmedia":[{"embeddable":true,"href":"https:\/\/www.urfabugun.com\/index.php\/wp-json\/wp\/v2\/media\/4882"}],"wp:attachment":[{"href":"https:\/\/www.urfabugun.com\/index.php\/wp-json\/wp\/v2\/media?parent=4880"}],"wp:term":[{"taxonomy":"category","embeddable":true,"href":"https:\/\/www.urfabugun.com\/index.php\/wp-json\/wp\/v2\/categories?post=4880"},{"taxonomy":"post_tag","embeddable":true,"href":"https:\/\/www.urfabugun.com\/index.php\/wp-json\/wp\/v2\/tags?post=4880"},{"taxonomy":"manset","embeddable":true,"href":"https:\/\/www.urfabugun.com\/index.php\/wp-json\/wp\/v2\/manset?post=4880"}],"curies":[{"name":"wp","href":"https:\/\/api.w.org\/{rel}","templated":true}]}}