{"id":4885,"date":"2023-04-21T10:33:13","date_gmt":"2023-04-21T07:33:13","guid":{"rendered":"https:\/\/www.urfabugun.com\/?p=4885"},"modified":"2023-04-21T10:33:20","modified_gmt":"2023-04-21T07:33:20","slug":"sanliurfada-bayram-namazinda-camiler-doldu","status":"publish","type":"post","link":"https:\/\/www.urfabugun.com\/index.php\/2023\/04\/21\/sanliurfada-bayram-namazinda-camiler-doldu\/","title":{"rendered":"\u015eanl\u0131urfa\u2019da Bayram Namaz\u0131nda Camiler Doldu!"},"content":{"rendered":"\n<p><\/p>\n\n\n\n<p><strong>Bayram namaz\u0131 nedeniyle \u015eanl\u0131urfal\u0131 vatanda\u015flar sabah erken saatlerinde kentin simgesi Bal\u0131kl\u0131g\u00f6l Platosu\u2019nda yer alan Dergah Camii\u2019ne ak\u0131n etti.<\/strong><\/p>\n\n\n\n<p>Ramazan Bayram\u0131 nedeniyle Dergah Camii\u2019nde vatanda\u015flar hep bir a\u011f\u0131zdan okunan dualara \u2018amin\u2019 dedi. Bayram hutbesinde bayram\u0131n \u00f6nemini belirtildi.<\/p>\n\n\n\n<p>Adalet Bakan\u0131 Bekir Bozda\u011f, \u015eanl\u0131urfa\u2019daki Dergah Camisi\u2019nde bayram namaz\u0131n\u0131 k\u0131ld\u0131, vatanda\u015flarla bayramla\u015ft\u0131. Bozda\u011f, cami \u00e7\u0131k\u0131\u015f\u0131nda gazetecilere a\u00e7\u0131klamalarda bulundu.<\/p>\n","protected":false},"excerpt":{"rendered":"<p>Bayram namaz\u0131 nedeniyle \u015eanl\u0131urfal\u0131 vatanda\u015flar sabah erken saatlerinde kentin simgesi Bal\u0131kl\u0131g\u00f6l Platosu\u2019nda yer alan Dergah Camii\u2019ne&#46;&#46;&#46;<\/p>\n","protected":false},"author":2,"featured_media":4887,"comment_status":"open","ping_status":"open","sticky":false,"template":"","format":"standard","meta":{"inline_featured_image":false,"footnotes":""},"categories":[82],"tags":[1012,1607,1608,118,131,107,608,93],"manset":[],"class_list":["post-4885","post","type-post","status-publish","format-standard","has-post-thumbnail","hentry","category-gundem-haberleri","tag-bayram","tag-bayram-namazi","tag-dergah-camii","tag-sanliurfa","tag-son-dakika","tag-ub","tag-urfa-bugun","tag-ust"],"_links":{"self":[{"href":"https:\/\/www.urfabugun.com\/index.php\/wp-json\/wp\/v2\/posts\/4885","targetHints":{"allow":["GET"]}}],"collection":[{"href":"https:\/\/www.urfabugun.com\/index.php\/wp-json\/wp\/v2\/posts"}],"about":[{"href":"https:\/\/www.urfabugun.com\/index.php\/wp-json\/wp\/v2\/types\/post"}],"author":[{"embeddable":true,"href":"https:\/\/www.urfabugun.com\/index.php\/wp-json\/wp\/v2\/users\/2"}],"replies":[{"embeddable":true,"href":"https:\/\/www.urfabugun.com\/index.php\/wp-json\/wp\/v2\/comments?post=4885"}],"version-history":[{"count":0,"href":"https:\/\/www.urfabugun.com\/index.php\/wp-json\/wp\/v2\/posts\/4885\/revisions"}],"wp:featuredmedia":[{"embeddable":true,"href":"https:\/\/www.urfabugun.com\/index.php\/wp-json\/wp\/v2\/media\/4887"}],"wp:attachment":[{"href":"https:\/\/www.urfabugun.com\/index.php\/wp-json\/wp\/v2\/media?parent=4885"}],"wp:term":[{"taxonomy":"category","embeddable":true,"href":"https:\/\/www.urfabugun.com\/index.php\/wp-json\/wp\/v2\/categories?post=4885"},{"taxonomy":"post_tag","embeddable":true,"href":"https:\/\/www.urfabugun.com\/index.php\/wp-json\/wp\/v2\/tags?post=4885"},{"taxonomy":"manset","embeddable":true,"href":"https:\/\/www.urfabugun.com\/index.php\/wp-json\/wp\/v2\/manset?post=4885"}],"curies":[{"name":"wp","href":"https:\/\/api.w.org\/{rel}","templated":true}]}}