{"id":4901,"date":"2023-04-21T14:43:20","date_gmt":"2023-04-21T11:43:20","guid":{"rendered":"https:\/\/www.urfabugun.com\/?p=4901"},"modified":"2023-04-21T14:43:27","modified_gmt":"2023-04-21T11:43:27","slug":"sanliurfaya-destek-amacli-maliyetine-turlar-duzenleniyor","status":"publish","type":"post","link":"https:\/\/www.urfabugun.com\/index.php\/2023\/04\/21\/sanliurfaya-destek-amacli-maliyetine-turlar-duzenleniyor\/","title":{"rendered":"\u015eanl\u0131urfa\u2019ya Destek Ama\u00e7l\u0131 Maliyetine Turlar D\u00fczenleniyor!"},"content":{"rendered":"\n<p><\/p>\n\n\n\n<p><strong>Depremden sonra selin etkiledi\u011fi \u015eanl\u0131urfa ve b\u00f6lgesine destek i\u00e7in maliyetine turlar d\u00fczenleniyor<\/strong><\/p>\n\n\n\n<p>\u015eanl\u0131urfa B\u00f6lgesel Turist Rehberleri Odas\u0131 Genel Sekreteri M\u00fcsl\u00fcm \u00c7oban:<\/p>\n\n\n\n<blockquote class=\"wp-block-quote is-layout-flow wp-block-quote-is-layout-flow\">\n<p>&#8220;\u015eu anda kar marjlar\u0131n\u0131 d\u00fc\u015f\u00fcr\u00fcp adeta bir sosyal sorumluluk \u00e7er\u00e7evesinde hem b\u00f6lge insan\u0131na hem esnafa can suyu olma, birlikte olma, hemhal olma duygusuyla tur d\u00fczenleniyor&#8221;<\/p>\n\n\n\n<p>&nbsp;Turizmci Halil Karata\u015f: &nbsp;&#8220;Maliyetine denilecek rakamlara b\u00f6lgeye turlar d\u00fczenlemeye ba\u015flad\u0131k. Bayramda bunun kampanyas\u0131n\u0131 ba\u015flatt\u0131k, y\u0131l boyunca devam edece\u011fiz&#8221;<\/p>\n<\/blockquote>\n\n\n\n<p><\/p>\n\n\n\n<p>\u015eanl\u0131urfa B\u00f6lgesel Turist Rehberleri Odas\u0131 Genel Sekreteri M\u00fcsl\u00fcm \u00c7oban, deprem sonras\u0131nda selin de ya\u015fanmas\u0131yla turizmin olumsuz etkilendi\u011fini ancak bu afetlerin etkilerinin bertaraf edilmeye ba\u015fland\u0131\u011f\u0131n\u0131 s\u00f6yledi.<\/p>\n\n\n\n<blockquote class=\"wp-block-quote is-layout-flow wp-block-quote-is-layout-flow\">\n<p>\u00c7oban, \u015eanl\u0131urfa&#8217;da b\u00fcy\u00fck bir yo\u011funluk beklediklerini, misafirlere Gaziantep ve Ad\u0131yaman&#8217;\u0131 da gezdireceklerini aktard\u0131.<\/p>\n\n\n\n<p>B\u00f6ylece misafirlere b\u00f6lgedeki hareketlili\u011fi g\u00f6sterme imk\u00e2n\u0131 bulacaklar\u0131n\u0131 vurgulayan \u00c7oban, \u015funlar\u0131 kaydetti:<\/p>\n\n\n\n<p>&#8220;Art\u0131k depremin ve selin izlerinin yava\u015f yava\u015f kaybolmaya ba\u015flad\u0131\u011f\u0131n\u0131 misafirlerimiz de g\u00f6rm\u00fc\u015f olacak. Deprem \u00f6ncesinde s\u00fcrekli geldikleri i\u00e7in b\u00f6lgeye zaten h\u00e2kimler, biliyorlar. \u015eu anda kar marjlar\u0131n\u0131 d\u00fc\u015f\u00fcr\u00fcp adeta bir sosyal sorumluluk \u00e7er\u00e7evesinde hem b\u00f6lge insan\u0131na hem esnafa can suyu olma, birlikte olma, hemhal olma duygusuyla tur d\u00fczenleniyor. Tur maliyetlerinin bazen alt\u0131na \u00e7ekip, bazen kar etmeden \u015fu anda buraya gelmek istiyorlar. Bu da bizler i\u00e7in \u00e7ok g\u00fczel oluyor. En az\u0131ndan zor zamanlar\u0131m\u0131zda yan\u0131m\u0131zda olduklar\u0131n\u0131 hissetmek ve g\u00f6rmek bizler i\u00e7in g\u00fczel ve umut verici.&#8221;<\/p>\n<\/blockquote>\n\n\n\n<p><strong>&#8220;Halk\u0131m\u0131z\u0131 b\u00f6lgeye ticari deste\u011fe bekliyoruz&#8221;<\/strong><\/p>\n\n\n\n<blockquote class=\"wp-block-quote is-layout-flow wp-block-quote-is-layout-flow\">\n<p>Turizmci Halil Karata\u015f da b\u00f6lge ekonomisi i\u00e7in turizmin \u00f6nemli oldu\u011funu s\u00f6yledi.<\/p>\n\n\n\n<p>Hareketlili\u011fi devam ettirebilmek ad\u0131na turizmciler olarak kampanya ba\u015flatt\u0131klar\u0131n\u0131 belirten Karata\u015f, &#8220;Turizm payda\u015flar\u0131 olarak bir karar ald\u0131k ve maliyetine denilecek rakamlara b\u00f6lgeye turlar d\u00fczenlemeye ba\u015flad\u0131k. Bayramda bunun kampanyas\u0131n\u0131 ba\u015flatt\u0131k, in\u015fallah y\u0131l boyunca devam edece\u011fiz.&#8221; diye konu\u015ftu.<\/p>\n\n\n\n<p>Karata\u015f, bu kapsamda \u00e7ok indirimli turlar organize edildi\u011fine dikkati \u00e7ekerek, s\u00f6zlerini \u015f\u00f6yle s\u00fcrd\u00fcrd\u00fc:<\/p>\n\n\n\n<p>&#8220;B\u00fct\u00fcn turizm payda\u015flar\u0131m\u0131z sa\u011f olsunlar, tamamen ticari destek ama\u00e7l\u0131 b\u00f6lgemize indirimli turlar yapmaya ba\u015flad\u0131lar. Halk\u0131m\u0131z\u0131 b\u00f6lgeye ticari deste\u011fe bekliyoruz. Turizm payda\u015flar\u0131, \u00f6zellikle bayram\u0131 ba\u015flang\u0131\u00e7 olarak sayd\u0131klar\u0131 i\u00e7in bayram itibar\u0131yla indirimli fiyatlar, indirimli paketler haz\u0131rlad\u0131lar bizler i\u00e7in. B\u00f6lgeye gelmek isteyenler i\u00e7in bu bayram itibar\u0131yla ticari deste\u011fimizi, ticari kampanyam\u0131z\u0131 ba\u015flat\u0131yoruz.&#8221;<\/p>\n\n\n\n<p>Karata\u015f, GAP b\u00f6lgesini ziyaret i\u00e7in uygun zaman oldu\u011funa i\u015faret ederek, &#8220;Sa\u011f olsun halk\u0131m\u0131z turlara ba\u015flad\u0131. Nemrut&#8217;a, \u015eanl\u0131urfa&#8217;ya, Harran&#8217;a, G\u00f6bektepe&#8217;ye ilgi var. Bayramda da otellerimiz yo\u011fun bir \u015fekilde talep ald\u0131. Bu taleplere yeti\u015fmek i\u00e7in biz de elimizden geleni \u00e7abal\u0131yoruz. \u00c7ok fazla turist bekliyoruz, in\u015fallah beklentimiz gibi olur.&#8221; ifadelerini kulland\u0131.<\/p>\n<\/blockquote>\n","protected":false},"excerpt":{"rendered":"<p>Depremden sonra selin etkiledi\u011fi \u015eanl\u0131urfa ve b\u00f6lgesine destek i\u00e7in maliyetine turlar d\u00fczenleniyor \u015eanl\u0131urfa B\u00f6lgesel Turist Rehberleri&#46;&#46;&#46;<\/p>\n","protected":false},"author":2,"featured_media":4903,"comment_status":"open","ping_status":"open","sticky":false,"template":"","format":"standard","meta":{"inline_featured_image":false,"footnotes":""},"categories":[82],"tags":[178,1614,868,1615,107,93],"manset":[],"class_list":["post-4901","post","type-post","status-publish","format-standard","has-post-thumbnail","hentry","category-gundem-haberleri","tag-deprem","tag-muslum-coban","tag-sel","tag-turizm","tag-ub","tag-ust"],"_links":{"self":[{"href":"https:\/\/www.urfabugun.com\/index.php\/wp-json\/wp\/v2\/posts\/4901","targetHints":{"allow":["GET"]}}],"collection":[{"href":"https:\/\/www.urfabugun.com\/index.php\/wp-json\/wp\/v2\/posts"}],"about":[{"href":"https:\/\/www.urfabugun.com\/index.php\/wp-json\/wp\/v2\/types\/post"}],"author":[{"embeddable":true,"href":"https:\/\/www.urfabugun.com\/index.php\/wp-json\/wp\/v2\/users\/2"}],"replies":[{"embeddable":true,"href":"https:\/\/www.urfabugun.com\/index.php\/wp-json\/wp\/v2\/comments?post=4901"}],"version-history":[{"count":0,"href":"https:\/\/www.urfabugun.com\/index.php\/wp-json\/wp\/v2\/posts\/4901\/revisions"}],"wp:featuredmedia":[{"embeddable":true,"href":"https:\/\/www.urfabugun.com\/index.php\/wp-json\/wp\/v2\/media\/4903"}],"wp:attachment":[{"href":"https:\/\/www.urfabugun.com\/index.php\/wp-json\/wp\/v2\/media?parent=4901"}],"wp:term":[{"taxonomy":"category","embeddable":true,"href":"https:\/\/www.urfabugun.com\/index.php\/wp-json\/wp\/v2\/categories?post=4901"},{"taxonomy":"post_tag","embeddable":true,"href":"https:\/\/www.urfabugun.com\/index.php\/wp-json\/wp\/v2\/tags?post=4901"},{"taxonomy":"manset","embeddable":true,"href":"https:\/\/www.urfabugun.com\/index.php\/wp-json\/wp\/v2\/manset?post=4901"}],"curies":[{"name":"wp","href":"https:\/\/api.w.org\/{rel}","templated":true}]}}