{"id":4959,"date":"2023-04-24T09:18:54","date_gmt":"2023-04-24T06:18:54","guid":{"rendered":"https:\/\/www.urfabugun.com\/?p=4959"},"modified":"2023-04-24T09:19:02","modified_gmt":"2023-04-24T06:19:02","slug":"sanliurfada-bu-hafta-hava-nasil-olacak","status":"publish","type":"post","link":"https:\/\/www.urfabugun.com\/index.php\/2023\/04\/24\/sanliurfada-bu-hafta-hava-nasil-olacak\/","title":{"rendered":"\u015eanl\u0131urfa\u2019da Bu Hafta Hava Nas\u0131l Olacak?"},"content":{"rendered":"\n<p><\/p>\n\n\n\n<p><strong>Meteoroloji Genel m\u00fcd\u00fcrl\u00fc\u011f\u00fc, \u015eanl\u0131urfa i\u00e7in 5 g\u00fcnl\u00fck hava durumu tahminlerini g\u00fcncelledi.<\/strong><\/p>\n\n\n\n<p>Meteoroloji Genel m\u00fcd\u00fcrl\u00fc\u011f\u00fc, \u015eanl\u0131urfa i\u00e7in 5 g\u00fcnl\u00fck hava durumu tahminlerini g\u00fcncelledi.<\/p>\n\n\n\n<p>Meteoroloji Genel M\u00fcd\u00fcrl\u00fc\u011f\u00fc 24-25-26-27-28- Nisan tarihleri aras\u0131nda \u015eanl\u0131urfa\u2019da beklenen hava durumu tahminlerini a\u00e7\u0131klad\u0131. Meteoroloji Genel M\u00fcd\u00fcrl\u00fc\u011f\u00fcnden al\u0131nan tahminlere g\u00f6re Hava s\u0131cakl\u0131klar\u0131 yurt genelinde artacak.<\/p>\n\n\n\n<p>A\u00e7\u0131klanan verilere g\u00f6re \u015eanl\u0131urfa\u2019da hava s\u0131cakl\u0131\u011f\u0131 en d\u00fc\u015f\u00fck 11, en y\u00fcksek 25 derece olmas\u0131 bekleniyor.<\/p>\n\n\n\n<p><strong>24 N\u0130SAN PAZARTES\u0130<\/strong><\/p>\n\n\n\n<p>Hava g\u00fcne\u015fli, s\u0131cakl\u0131k de\u011ferleri en d\u00fc\u015f\u00fck 11, en y\u00fcksek ise 22 derece olmas\u0131 bekleniyor.<\/p>\n\n\n\n<p><strong>25 N\u0130SAN SALI<\/strong><\/p>\n\n\n\n<p>G\u00fcne\u015fli olacak, s\u0131cakl\u0131k de\u011ferleri en d\u00fc\u015f\u00fck 11, en y\u00fcksek ise 24 derece olmas\u0131 bekleniyor.<\/p>\n\n\n\n<p><strong>26 N\u0130SAN \u00c7AR\u015eAMBA<\/strong><\/p>\n\n\n\n<p>Par\u00e7al\u0131 bulutlu olacak, s\u0131cakl\u0131k de\u011ferleri en d\u00fc\u015f\u00fck 13, en y\u00fcksek ise 24 derece olmas\u0131 bekleniyor.<\/p>\n\n\n\n<p><strong>27 N\u0130SAN PER\u015eEMBE<\/strong><\/p>\n\n\n\n<p>G\u00f6k g\u00fcr\u00fclt\u00fcl\u00fc sa\u011fanak ya\u011f\u0131\u015fl\u0131 olacak, s\u0131cakl\u0131k de\u011ferleri en d\u00fc\u015f\u00fck 13, en y\u00fcksek ise 25 derece olmas\u0131 bekleniyor.<\/p>\n\n\n\n<p><strong>28 N\u0130SAN CUMA<\/strong><\/p>\n\n\n\n<p>Haftan\u0131n son g\u00fcn\u00fc Baz\u0131 b\u00f6lgelerde sa\u011fanak ya\u011f\u0131\u015f bekleniyor, s\u0131cakl\u0131k de\u011ferleri en d\u00fc\u015f\u00fck 12, en y\u00fcksek ise 22 derece olmas\u0131 bekleniyor.<\/p>\n","protected":false},"excerpt":{"rendered":"<p>Meteoroloji Genel m\u00fcd\u00fcrl\u00fc\u011f\u00fc, \u015eanl\u0131urfa i\u00e7in 5 g\u00fcnl\u00fck hava durumu tahminlerini g\u00fcncelledi. Meteoroloji Genel m\u00fcd\u00fcrl\u00fc\u011f\u00fc, \u015eanl\u0131urfa i\u00e7in&#46;&#46;&#46;<\/p>\n","protected":false},"author":2,"featured_media":4961,"comment_status":"open","ping_status":"open","sticky":false,"template":"","format":"standard","meta":{"inline_featured_image":false,"footnotes":""},"categories":[92],"tags":[108,118,131,107,93],"manset":[],"class_list":["post-4959","post","type-post","status-publish","format-standard","has-post-thumbnail","hentry","category-yasam-haberleri","tag-hava-durumu","tag-sanliurfa","tag-son-dakika","tag-ub","tag-ust"],"_links":{"self":[{"href":"https:\/\/www.urfabugun.com\/index.php\/wp-json\/wp\/v2\/posts\/4959","targetHints":{"allow":["GET"]}}],"collection":[{"href":"https:\/\/www.urfabugun.com\/index.php\/wp-json\/wp\/v2\/posts"}],"about":[{"href":"https:\/\/www.urfabugun.com\/index.php\/wp-json\/wp\/v2\/types\/post"}],"author":[{"embeddable":true,"href":"https:\/\/www.urfabugun.com\/index.php\/wp-json\/wp\/v2\/users\/2"}],"replies":[{"embeddable":true,"href":"https:\/\/www.urfabugun.com\/index.php\/wp-json\/wp\/v2\/comments?post=4959"}],"version-history":[{"count":0,"href":"https:\/\/www.urfabugun.com\/index.php\/wp-json\/wp\/v2\/posts\/4959\/revisions"}],"wp:featuredmedia":[{"embeddable":true,"href":"https:\/\/www.urfabugun.com\/index.php\/wp-json\/wp\/v2\/media\/4961"}],"wp:attachment":[{"href":"https:\/\/www.urfabugun.com\/index.php\/wp-json\/wp\/v2\/media?parent=4959"}],"wp:term":[{"taxonomy":"category","embeddable":true,"href":"https:\/\/www.urfabugun.com\/index.php\/wp-json\/wp\/v2\/categories?post=4959"},{"taxonomy":"post_tag","embeddable":true,"href":"https:\/\/www.urfabugun.com\/index.php\/wp-json\/wp\/v2\/tags?post=4959"},{"taxonomy":"manset","embeddable":true,"href":"https:\/\/www.urfabugun.com\/index.php\/wp-json\/wp\/v2\/manset?post=4959"}],"curies":[{"name":"wp","href":"https:\/\/api.w.org\/{rel}","templated":true}]}}