{"id":4979,"date":"2023-04-24T11:53:40","date_gmt":"2023-04-24T08:53:40","guid":{"rendered":"https:\/\/www.urfabugun.com\/?p=4979"},"modified":"2023-04-24T11:53:46","modified_gmt":"2023-04-24T08:53:46","slug":"deprem-bolgesinde-okullarda-telafi-programi-yapilacak","status":"publish","type":"post","link":"https:\/\/www.urfabugun.com\/index.php\/2023\/04\/24\/deprem-bolgesinde-okullarda-telafi-programi-yapilacak\/","title":{"rendered":"Deprem B\u00f6lgesinde Okullarda Telafi Program\u0131 Yap\u0131lacak!"},"content":{"rendered":"\n<p><\/p>\n\n\n\n<p><strong>Milli E\u011fitim Bakan\u0131 Mahmut \u00d6zer, &#8220;(Deprem b\u00f6lgesi) 10 ildeki \u00f6\u011frencilerimizin \u00f6\u011frenme kay\u0131plar\u0131n\u0131 telafi etmek i\u00e7in 1 A\u011fustos-1 Eyl\u00fcl tarihleri aras\u0131nda telafi program\u0131 yapaca\u011f\u0131z.&#8221; ifadelerini kulland\u0131.<\/strong><\/p>\n\n\n\n<p>Milli E\u011fitim Bakan\u0131 Mahmut \u00d6zer, \u201c(Deprem b\u00f6lgesi) 10 ildeki \u00f6\u011frencilerimizin \u00f6\u011frenme kay\u0131plar\u0131n\u0131 telafi etmek i\u00e7in 1 A\u011fustos-1 Eyl\u00fcl tarihleri aras\u0131nda telafi program\u0131 yapaca\u011f\u0131z.\u201d ifadelerini kulland\u0131.<\/p>\n\n\n\n<p>Milli E\u011fitim Bakan\u0131 Mahmut \u00d6zer, kat\u0131ld\u0131\u011f\u0131 televizyon program\u0131nda a\u00e7\u0131klamalarda bulundu.<\/p>\n\n\n\n<p>16 Haziran tarihinden itibar\u0131n 2022-2023 e\u011fitim \u00f6\u011fretim y\u0131l\u0131n\u0131n sona erece\u011fini hat\u0131rlatan Bakan \u00d6zer, \u015funlar\u0131 s\u00f6yledi: \u201cOn ildeki \u00f6\u011frencilerimizin \u00f6\u011frenme kay\u0131plar\u0131n\u0131 telafi etmek i\u00e7in 1 A\u011fustos-1 Eyl\u00fcl tarihlerinde telafi program\u0131 yapaca\u011f\u0131z. Onlar\u0131n haz\u0131rl\u0131klar\u0131 da tamamland\u0131. Gerekli materyaller h\u0131zl\u0131 bir \u015fekilde bas\u0131m s\u00fcrecine gitti. Bir de 2023-2024 e\u011fitim \u00f6\u011fretim y\u0131l\u0131 ba\u015flad\u0131\u011f\u0131 zaman bir ayl\u0131k s\u00fcrede bu telafi program\u0131na devam edece\u011fiz. Yani buradaki \u00f6\u011frencilerimizin \u00f6\u011frenme kay\u0131plar\u0131n\u0131 telafi etmek i\u00e7in yakla\u015f\u0131k iki ayl\u0131k bir telafi program\u0131n\u0131n haz\u0131rl\u0131klar\u0131 tamamland\u0131.\u201d Dedi.<\/p>\n","protected":false},"excerpt":{"rendered":"<p>Milli E\u011fitim Bakan\u0131 Mahmut \u00d6zer, &#8220;(Deprem b\u00f6lgesi) 10 ildeki \u00f6\u011frencilerimizin \u00f6\u011frenme kay\u0131plar\u0131n\u0131 telafi etmek i\u00e7in 1&#46;&#46;&#46;<\/p>\n","protected":false},"author":2,"featured_media":4981,"comment_status":"open","ping_status":"open","sticky":false,"template":"","format":"standard","meta":{"inline_featured_image":false,"footnotes":""},"categories":[82],"tags":[178,191,118,107,93],"manset":[],"class_list":["post-4979","post","type-post","status-publish","format-standard","has-post-thumbnail","hentry","category-gundem-haberleri","tag-deprem","tag-egitim","tag-sanliurfa","tag-ub","tag-ust"],"_links":{"self":[{"href":"https:\/\/www.urfabugun.com\/index.php\/wp-json\/wp\/v2\/posts\/4979","targetHints":{"allow":["GET"]}}],"collection":[{"href":"https:\/\/www.urfabugun.com\/index.php\/wp-json\/wp\/v2\/posts"}],"about":[{"href":"https:\/\/www.urfabugun.com\/index.php\/wp-json\/wp\/v2\/types\/post"}],"author":[{"embeddable":true,"href":"https:\/\/www.urfabugun.com\/index.php\/wp-json\/wp\/v2\/users\/2"}],"replies":[{"embeddable":true,"href":"https:\/\/www.urfabugun.com\/index.php\/wp-json\/wp\/v2\/comments?post=4979"}],"version-history":[{"count":0,"href":"https:\/\/www.urfabugun.com\/index.php\/wp-json\/wp\/v2\/posts\/4979\/revisions"}],"wp:featuredmedia":[{"embeddable":true,"href":"https:\/\/www.urfabugun.com\/index.php\/wp-json\/wp\/v2\/media\/4981"}],"wp:attachment":[{"href":"https:\/\/www.urfabugun.com\/index.php\/wp-json\/wp\/v2\/media?parent=4979"}],"wp:term":[{"taxonomy":"category","embeddable":true,"href":"https:\/\/www.urfabugun.com\/index.php\/wp-json\/wp\/v2\/categories?post=4979"},{"taxonomy":"post_tag","embeddable":true,"href":"https:\/\/www.urfabugun.com\/index.php\/wp-json\/wp\/v2\/tags?post=4979"},{"taxonomy":"manset","embeddable":true,"href":"https:\/\/www.urfabugun.com\/index.php\/wp-json\/wp\/v2\/manset?post=4979"}],"curies":[{"name":"wp","href":"https:\/\/api.w.org\/{rel}","templated":true}]}}