{"id":4996,"date":"2023-04-24T16:10:52","date_gmt":"2023-04-24T13:10:52","guid":{"rendered":"https:\/\/www.urfabugun.com\/?p=4996"},"modified":"2023-04-24T16:12:28","modified_gmt":"2023-04-24T13:12:28","slug":"cumhurbaskani-erdogandan-ticari-araclar-icin-otv-mujdesi","status":"publish","type":"post","link":"https:\/\/www.urfabugun.com\/index.php\/2023\/04\/24\/cumhurbaskani-erdogandan-ticari-araclar-icin-otv-mujdesi\/","title":{"rendered":"Cumhurba\u015fkan\u0131 Erdo\u011fan\u2019dan Ticari Ara\u00e7lar \u0130\u00e7in \u00d6TV M\u00fcjdesi!"},"content":{"rendered":"\n<p><\/p>\n\n\n\n<p><strong>Cumhurba\u015fkan\u0131 Recep Tayyip Erdo\u011fan, Gemlik&#8217;te SIRO Batarya Geli\u015ftirme ve \u00dcretim Kamp\u00fcs\u00fc Temel Atma T\u00f6reni&#8217;nde yeni ticari araca \u00d6TV muafiyeti getireceklerini a\u00e7\u0131klad\u0131. Cumhurba\u015fkan\u0131 Erdo\u011fan, &#8220;Ticari arac\u0131n\u0131 yenilenlerden \u00d6TV al\u0131nmayacak.&#8221; dedi.<\/strong><\/p>\n\n\n\n<p><\/p>\n\n\n\n<p>Cumhurba\u015fkan\u0131 Recep Tayyip Erdo\u011fan, Gemlik\u2019te SIRO Batarya Geli\u015ftirme ve \u00dcretim Kamp\u00fcs\u00fc Temel Atma T\u00f6reni\u2019ne kat\u0131ld\u0131.<\/p>\n\n\n\n<p>Cumhurba\u015fkan\u0131 Erdo\u011fan\u2019\u0131n a\u00e7\u0131klamalar\u0131n\u0131n sat\u0131rba\u015flar\u0131 \u015f\u00f6yle:<\/p>\n\n\n\n<blockquote class=\"wp-block-quote is-layout-flow wp-block-quote-is-layout-flow\">\n<p>Togg sadece bir otomobil markas\u0131 de\u011fildir. Ayn\u0131 zamanda tasar\u0131m\u0131, yaz\u0131l\u0131m\u0131 ile bir teknoloji hamlesidir. Batarya hamlesi de bu at\u0131l\u0131m\u0131n en \u00f6nemli hamlesidir. Bu bataryalar sadece Togg\u2018ta de\u011fil pek \u00e7ok alanda kullan\u0131lan \u00fcr\u00fcnlerdir. \u015eimdiden Bursa\u2019m\u0131za, \u00fclkemize hay\u0131rl\u0131 olmas\u0131n\u0131 diliyorum.<\/p>\n\n\n\n<p>Evlerde imal ettikleri \u00fcr\u00fcnleri internette satanlar\u0131 vergi muafiyeti kapsam\u0131na al\u0131yor, muafiyet s\u0131n\u0131r\u0131n\u0131 320 binden 700 bin liraya \u00e7\u0131kar\u0131yoruz.<\/p>\n\n\n\n<p>Yine ge\u00e7ti\u011fimiz y\u0131llarda yapt\u0131\u011f\u0131m\u0131z d\u00fczenleme ile basit us\u00fclde vergilendirilen esnaf\u0131m\u0131z\u0131n kazan\u00e7lar\u0131n\u0131 gelir vergisinden istisna tutmu\u015ftuk. Berber, terzi, bakkal, manav, taksici, dolmu\u015f\u00e7u gibi esnaflar\u0131m\u0131zdan gelir vergisi almayarak e\u015fi benzeri olmayan bir d\u00fczenleme yapt\u0131k. Hali haz\u0131rda 830 bin esnaf\u0131m\u0131z hem gelir vergisi muafiyetinden yararlan\u0131yor hem de KDV \u00f6demiyor.<\/p>\n\n\n\n<p>Erdo\u011fan, \u201cTicari ara\u00e7lar\u0131n\u0131 yenilemek isteyen esnaflar\u0131m\u0131za bir m\u00fcjdem var. \u015eehir i\u00e7i taksi, dolmu\u015f, minib\u00fcs, midib\u00fcs, otob\u00fcs, kamyonla ticari y\u00fck ta\u015f\u0131mac\u0131l\u0131\u011f\u0131 yapan esnaflar\u0131m\u0131z ayn\u0131 cins ara\u00e7lar\u0131n\u0131 yenilerken \u00d6TV \u00f6demeyecek. \u00d6TV muafiyeti uygulamas\u0131n\u0131n da esnaflar\u0131m\u0131za hay\u0131rl\u0131 olmas\u0131n\u0131 diliyorum.\u201d dedi.<\/p>\n<\/blockquote>\n","protected":false},"excerpt":{"rendered":"<p>Cumhurba\u015fkan\u0131 Recep Tayyip Erdo\u011fan, Gemlik&#8217;te SIRO Batarya Geli\u015ftirme ve \u00dcretim Kamp\u00fcs\u00fc Temel Atma T\u00f6reni&#8217;nde yeni ticari&#46;&#46;&#46;<\/p>\n","protected":false},"author":2,"featured_media":4998,"comment_status":"open","ping_status":"open","sticky":false,"template":"","format":"standard","meta":{"inline_featured_image":false,"footnotes":""},"categories":[82],"tags":[237,245,131,107,93],"manset":[],"class_list":["post-4996","post","type-post","status-publish","format-standard","has-post-thumbnail","hentry","category-gundem-haberleri","tag-erdogan","tag-otv","tag-son-dakika","tag-ub","tag-ust"],"_links":{"self":[{"href":"https:\/\/www.urfabugun.com\/index.php\/wp-json\/wp\/v2\/posts\/4996","targetHints":{"allow":["GET"]}}],"collection":[{"href":"https:\/\/www.urfabugun.com\/index.php\/wp-json\/wp\/v2\/posts"}],"about":[{"href":"https:\/\/www.urfabugun.com\/index.php\/wp-json\/wp\/v2\/types\/post"}],"author":[{"embeddable":true,"href":"https:\/\/www.urfabugun.com\/index.php\/wp-json\/wp\/v2\/users\/2"}],"replies":[{"embeddable":true,"href":"https:\/\/www.urfabugun.com\/index.php\/wp-json\/wp\/v2\/comments?post=4996"}],"version-history":[{"count":0,"href":"https:\/\/www.urfabugun.com\/index.php\/wp-json\/wp\/v2\/posts\/4996\/revisions"}],"wp:featuredmedia":[{"embeddable":true,"href":"https:\/\/www.urfabugun.com\/index.php\/wp-json\/wp\/v2\/media\/4998"}],"wp:attachment":[{"href":"https:\/\/www.urfabugun.com\/index.php\/wp-json\/wp\/v2\/media?parent=4996"}],"wp:term":[{"taxonomy":"category","embeddable":true,"href":"https:\/\/www.urfabugun.com\/index.php\/wp-json\/wp\/v2\/categories?post=4996"},{"taxonomy":"post_tag","embeddable":true,"href":"https:\/\/www.urfabugun.com\/index.php\/wp-json\/wp\/v2\/tags?post=4996"},{"taxonomy":"manset","embeddable":true,"href":"https:\/\/www.urfabugun.com\/index.php\/wp-json\/wp\/v2\/manset?post=4996"}],"curies":[{"name":"wp","href":"https:\/\/api.w.org\/{rel}","templated":true}]}}