{"id":5016,"date":"2023-04-25T10:29:32","date_gmt":"2023-04-25T07:29:32","guid":{"rendered":"https:\/\/www.urfabugun.com\/?p=5016"},"modified":"2023-04-25T10:29:38","modified_gmt":"2023-04-25T07:29:38","slug":"21-ilde-teror-operasyonu-110-gozalti","status":"publish","type":"post","link":"https:\/\/www.urfabugun.com\/index.php\/2023\/04\/25\/21-ilde-teror-operasyonu-110-gozalti\/","title":{"rendered":"21 \u0130lde Ter\u00f6r Operasyonu: 110 G\u00f6zalt\u0131!"},"content":{"rendered":"\n<p><\/p>\n\n\n\n<p><strong>Diyarbak\u0131r merkezli 21 ilde ter\u00f6r \u00f6rg\u00fct\u00fc PKK\/KCK&#8217;ya y\u00f6nelik d\u00fczenlenen operasyonda 110 \u015f\u00fcpheli g\u00f6zalt\u0131na al\u0131nd\u0131.<\/strong><\/p>\n\n\n\n<p>Diyarbak\u0131r Cumhuriyet Ba\u015fsavc\u0131l\u0131\u011f\u0131nca ter\u00f6r \u00f6rg\u00fct\u00fc PKK\/KCK\u2019ya y\u00f6nelik y\u00fcr\u00fct\u00fclen soru\u015fturma kapsam\u0131nda \u0130l Emniyet M\u00fcd\u00fcrl\u00fc\u011f\u00fc ekiplerince operasyon ba\u015flat\u0131ld\u0131.<\/p>\n\n\n\n<p>Diyarbak\u0131r merkez olmak \u00fczere, Bursa, Siirt, Mardin, Gaziantep, \u0130stanbul, Bing\u00f6l, Batman, \u0130zmir, Mersin, \u015eanl\u0131urfa, Van, \u015e\u0131rnak, Mu\u015f, Bitlis, Hakkari, Osmaniye, Sivas, Malatya, Ankara ve Ad\u0131yaman\u2019da ter\u00f6r operasyonu ger\u00e7ekle\u015ftirildi.<\/p>\n\n\n\n<p>\u015e\u00fcpheliler aras\u0131nda, 2017\u2019den bu yana ger\u00e7ekle\u015ftirilen 60\u2019a yak\u0131n sokak eyleminin planlay\u0131c\u0131lar\u0131, \u00f6rg\u00fcte finans sa\u011flayanlar, \u00f6rg\u00fct\u00fcn medya yap\u0131lanmas\u0131nda yer alan ki\u015filer, \u00f6rg\u00fcte m\u00fczahir medya arac\u0131l\u0131\u011f\u0131yla propaganda yapanlar, baz\u0131 avukatlar ve dernek y\u00f6neticileri ile da\u011fa ka\u00e7\u0131r\u0131lan \u00e7ocuklar\u0131 i\u00e7in HDP il binas\u0131 \u00f6n\u00fcnde oturma eylemi yapan Diyarbak\u0131r annelerinden 4\u2019\u00fcn\u00fcn evlad\u0131n\u0131 da\u011fa g\u00f6t\u00fcrd\u00fc\u011f\u00fc tespit edilenler de bulunuyor.<\/p>\n\n\n\n<p>G\u00f6zalt\u0131na al\u0131nan \u015f\u00fcphelilerin emniyetteki i\u015flemleri s\u00fcr\u00fcyor.<\/p>\n\n\n\n<p>Operasyon devam ediyor.<\/p>\n","protected":false},"excerpt":{"rendered":"<p>Diyarbak\u0131r merkezli 21 ilde ter\u00f6r \u00f6rg\u00fct\u00fc PKK\/KCK&#8217;ya y\u00f6nelik d\u00fczenlenen operasyonda 110 \u015f\u00fcpheli g\u00f6zalt\u0131na al\u0131nd\u0131. Diyarbak\u0131r Cumhuriyet&#46;&#46;&#46;<\/p>\n","protected":false},"author":2,"featured_media":5018,"comment_status":"open","ping_status":"open","sticky":false,"template":"","format":"standard","meta":{"inline_featured_image":false,"footnotes":""},"categories":[82],"tags":[1632,118,107,93],"manset":[],"class_list":["post-5016","post","type-post","status-publish","format-standard","has-post-thumbnail","hentry","category-gundem-haberleri","tag-21-ilde-operasyon","tag-sanliurfa","tag-ub","tag-ust"],"_links":{"self":[{"href":"https:\/\/www.urfabugun.com\/index.php\/wp-json\/wp\/v2\/posts\/5016","targetHints":{"allow":["GET"]}}],"collection":[{"href":"https:\/\/www.urfabugun.com\/index.php\/wp-json\/wp\/v2\/posts"}],"about":[{"href":"https:\/\/www.urfabugun.com\/index.php\/wp-json\/wp\/v2\/types\/post"}],"author":[{"embeddable":true,"href":"https:\/\/www.urfabugun.com\/index.php\/wp-json\/wp\/v2\/users\/2"}],"replies":[{"embeddable":true,"href":"https:\/\/www.urfabugun.com\/index.php\/wp-json\/wp\/v2\/comments?post=5016"}],"version-history":[{"count":0,"href":"https:\/\/www.urfabugun.com\/index.php\/wp-json\/wp\/v2\/posts\/5016\/revisions"}],"wp:featuredmedia":[{"embeddable":true,"href":"https:\/\/www.urfabugun.com\/index.php\/wp-json\/wp\/v2\/media\/5018"}],"wp:attachment":[{"href":"https:\/\/www.urfabugun.com\/index.php\/wp-json\/wp\/v2\/media?parent=5016"}],"wp:term":[{"taxonomy":"category","embeddable":true,"href":"https:\/\/www.urfabugun.com\/index.php\/wp-json\/wp\/v2\/categories?post=5016"},{"taxonomy":"post_tag","embeddable":true,"href":"https:\/\/www.urfabugun.com\/index.php\/wp-json\/wp\/v2\/tags?post=5016"},{"taxonomy":"manset","embeddable":true,"href":"https:\/\/www.urfabugun.com\/index.php\/wp-json\/wp\/v2\/manset?post=5016"}],"curies":[{"name":"wp","href":"https:\/\/api.w.org\/{rel}","templated":true}]}}