{"id":5051,"date":"2023-04-26T11:22:08","date_gmt":"2023-04-26T08:22:08","guid":{"rendered":"https:\/\/www.urfabugun.com\/?p=5051"},"modified":"2023-04-26T11:22:14","modified_gmt":"2023-04-26T08:22:14","slug":"2-bin-431-sozlesmeli-personel-alacak","status":"publish","type":"post","link":"https:\/\/www.urfabugun.com\/index.php\/2023\/04\/26\/2-bin-431-sozlesmeli-personel-alacak\/","title":{"rendered":"2 Bin 431 S\u00f6zle\u015fmeli Personel Alacak!"},"content":{"rendered":"\n<p><\/p>\n\n\n\n<p><strong>Aile ve Sosyal Hizmetler Bakanl\u0131\u011f\u0131n\u0131n ta\u015fra te\u015fkilat\u0131nda istihdam edilmek \u00fczere 2 bin 431 s\u00f6zle\u015fmeli personel al\u0131m ilan\u0131 Resmi Gazete&#8217;de yay\u0131mland\u0131.<\/strong><\/p>\n\n\n\n<p>Aile Ve Sosyal Hizmetler Bakanl\u0131\u011f\u0131, farkl\u0131 bran\u015flarda g\u00f6revlendirilmek \u00fczere 2431 personel al\u0131m\u0131 yapaca\u011f\u0131n\u0131 duyurdu.<\/p>\n\n\n\n<p>\u0130lana g\u00f6re, aile sosyal destek personeli olarak \u00e7e\u015fitli bran\u015flarda 134, sosyal \u00e7al\u0131\u015fmac\u0131, psikolog, fizyoterapist, \u00e7ocuk geli\u015fimci, diyetisyen, \u00f6\u011fretmen, avukat, di\u011fer sa\u011fl\u0131k personeli, hem\u015fire, b\u00fcro personeli, tekniker, teknisyen ile koruma ve g\u00fcvenlik g\u00f6revlisi pozisyonlar\u0131nda 1013, yurt y\u00f6netim personeli olarak 23, destek personeli olarak da 1261 s\u00f6zle\u015fmeli personel al\u0131m\u0131 ger\u00e7ekle\u015ftirilecek.<\/p>\n\n\n\n<p>KPSS (B) grubu puan s\u0131ralamas\u0131 esas al\u0131nmak sureti yap\u0131lacak al\u0131mlar i\u00e7in ba\u015fvurular 28 Nisan ile 8 May\u0131s aras\u0131nda &#8220;https:\/\/isealimkariyerkapisi.cbiko.gov.tr&#8221; internet sitesi \u00fczerinden yap\u0131lacak.<\/p>\n","protected":false},"excerpt":{"rendered":"<p>Aile ve Sosyal Hizmetler Bakanl\u0131\u011f\u0131n\u0131n ta\u015fra te\u015fkilat\u0131nda istihdam edilmek \u00fczere 2 bin 431 s\u00f6zle\u015fmeli personel al\u0131m&#46;&#46;&#46;<\/p>\n","protected":false},"author":2,"featured_media":5053,"comment_status":"open","ping_status":"open","sticky":false,"template":"","format":"standard","meta":{"inline_featured_image":false,"footnotes":""},"categories":[82],"tags":[1638,1637,118,131,107,608,93],"manset":[],"class_list":["post-5051","post","type-post","status-publish","format-standard","has-post-thumbnail","hentry","category-gundem-haberleri","tag-2-bin-431-sozlesmeli-personel-alacak","tag-aile-ve-sosyal-hizmetler-bakanligi","tag-sanliurfa","tag-son-dakika","tag-ub","tag-urfa-bugun","tag-ust"],"_links":{"self":[{"href":"https:\/\/www.urfabugun.com\/index.php\/wp-json\/wp\/v2\/posts\/5051","targetHints":{"allow":["GET"]}}],"collection":[{"href":"https:\/\/www.urfabugun.com\/index.php\/wp-json\/wp\/v2\/posts"}],"about":[{"href":"https:\/\/www.urfabugun.com\/index.php\/wp-json\/wp\/v2\/types\/post"}],"author":[{"embeddable":true,"href":"https:\/\/www.urfabugun.com\/index.php\/wp-json\/wp\/v2\/users\/2"}],"replies":[{"embeddable":true,"href":"https:\/\/www.urfabugun.com\/index.php\/wp-json\/wp\/v2\/comments?post=5051"}],"version-history":[{"count":0,"href":"https:\/\/www.urfabugun.com\/index.php\/wp-json\/wp\/v2\/posts\/5051\/revisions"}],"wp:featuredmedia":[{"embeddable":true,"href":"https:\/\/www.urfabugun.com\/index.php\/wp-json\/wp\/v2\/media\/5053"}],"wp:attachment":[{"href":"https:\/\/www.urfabugun.com\/index.php\/wp-json\/wp\/v2\/media?parent=5051"}],"wp:term":[{"taxonomy":"category","embeddable":true,"href":"https:\/\/www.urfabugun.com\/index.php\/wp-json\/wp\/v2\/categories?post=5051"},{"taxonomy":"post_tag","embeddable":true,"href":"https:\/\/www.urfabugun.com\/index.php\/wp-json\/wp\/v2\/tags?post=5051"},{"taxonomy":"manset","embeddable":true,"href":"https:\/\/www.urfabugun.com\/index.php\/wp-json\/wp\/v2\/manset?post=5051"}],"curies":[{"name":"wp","href":"https:\/\/api.w.org\/{rel}","templated":true}]}}