{"id":5071,"date":"2023-04-26T17:25:56","date_gmt":"2023-04-26T14:25:56","guid":{"rendered":"https:\/\/www.urfabugun.com\/?p=5071"},"modified":"2023-04-26T17:26:02","modified_gmt":"2023-04-26T14:26:02","slug":"siverekte-dehset-tartistigi-babasini-oldurdu","status":"publish","type":"post","link":"https:\/\/www.urfabugun.com\/index.php\/2023\/04\/26\/siverekte-dehset-tartistigi-babasini-oldurdu\/","title":{"rendered":"Siverek\u2019te Deh\u015fet: Tart\u0131\u015ft\u0131\u011f\u0131 Babas\u0131n\u0131 \u00d6ld\u00fcrd\u00fc!"},"content":{"rendered":"\n<p><\/p>\n\n\n\n<p><strong>\u015eanl\u0131urfa\u2019n\u0131n Siverek il\u00e7esinde tart\u0131\u015ft\u0131\u011f\u0131 o\u011flu taraf\u0131ndan b\u0131\u00e7aklanan baba hayat\u0131n\u0131 kaybetti.<\/strong><\/p>\n\n\n\n<p>\u0130l\u00e7eye ba\u011fl\u0131 Abdala\u011fa Mahallesi\u2019nde S.D. ile o\u011flu Y.D. aras\u0131nda hen\u00fcz belirlenemeyen nedenle tart\u0131\u015fma ya\u015fand\u0131.<\/p>\n\n\n\n<p>Tart\u0131\u015fman\u0131n kavgaya d\u00f6n\u00fc\u015fmesi \u00fczerine babas\u0131n\u0131 b\u0131\u00e7akla yaralayan Y.D. olay yerinden ka\u00e7t\u0131.<\/p>\n\n\n\n<p>S.D, \u00e7a\u011fr\u0131lan sa\u011fl\u0131k ekiplerince kald\u0131r\u0131ld\u0131\u011f\u0131 Siverek Devlet Hastanesi\u2019ndeki m\u00fcdahaleye ra\u011fmen kurtar\u0131lamad\u0131. Polis ekipleri, Y.D\u2019yi gizlendi\u011fi evde yakalad\u0131.<\/p>\n\n\n\n<p>G\u00f6zalt\u0131na al\u0131nan zanl\u0131n\u0131n polisteki i\u015flemleri s\u00fcr\u00fcyor.<\/p>\n","protected":false},"excerpt":{"rendered":"<p>\u015eanl\u0131urfa\u2019n\u0131n Siverek il\u00e7esinde tart\u0131\u015ft\u0131\u011f\u0131 o\u011flu taraf\u0131ndan b\u0131\u00e7aklanan baba hayat\u0131n\u0131 kaybetti. \u0130l\u00e7eye ba\u011fl\u0131 Abdala\u011fa Mahallesi\u2019nde S.D. ile&#46;&#46;&#46;<\/p>\n","protected":false},"author":2,"featured_media":5073,"comment_status":"open","ping_status":"open","sticky":false,"template":"","format":"standard","meta":{"inline_featured_image":false,"footnotes":""},"categories":[75],"tags":[335,1639,131,107,93],"manset":[],"class_list":["post-5071","post","type-post","status-publish","format-standard","has-post-thumbnail","hentry","category-asayis-haberleri","tag-siverek","tag-siverekte-dehset-tartistigi-babasini-oldurdu","tag-son-dakika","tag-ub","tag-ust"],"_links":{"self":[{"href":"https:\/\/www.urfabugun.com\/index.php\/wp-json\/wp\/v2\/posts\/5071","targetHints":{"allow":["GET"]}}],"collection":[{"href":"https:\/\/www.urfabugun.com\/index.php\/wp-json\/wp\/v2\/posts"}],"about":[{"href":"https:\/\/www.urfabugun.com\/index.php\/wp-json\/wp\/v2\/types\/post"}],"author":[{"embeddable":true,"href":"https:\/\/www.urfabugun.com\/index.php\/wp-json\/wp\/v2\/users\/2"}],"replies":[{"embeddable":true,"href":"https:\/\/www.urfabugun.com\/index.php\/wp-json\/wp\/v2\/comments?post=5071"}],"version-history":[{"count":0,"href":"https:\/\/www.urfabugun.com\/index.php\/wp-json\/wp\/v2\/posts\/5071\/revisions"}],"wp:featuredmedia":[{"embeddable":true,"href":"https:\/\/www.urfabugun.com\/index.php\/wp-json\/wp\/v2\/media\/5073"}],"wp:attachment":[{"href":"https:\/\/www.urfabugun.com\/index.php\/wp-json\/wp\/v2\/media?parent=5071"}],"wp:term":[{"taxonomy":"category","embeddable":true,"href":"https:\/\/www.urfabugun.com\/index.php\/wp-json\/wp\/v2\/categories?post=5071"},{"taxonomy":"post_tag","embeddable":true,"href":"https:\/\/www.urfabugun.com\/index.php\/wp-json\/wp\/v2\/tags?post=5071"},{"taxonomy":"manset","embeddable":true,"href":"https:\/\/www.urfabugun.com\/index.php\/wp-json\/wp\/v2\/manset?post=5071"}],"curies":[{"name":"wp","href":"https:\/\/api.w.org\/{rel}","templated":true}]}}