{"id":5085,"date":"2023-04-26T20:52:35","date_gmt":"2023-04-26T17:52:35","guid":{"rendered":"https:\/\/www.urfabugun.com\/?p=5085"},"modified":"2023-04-26T20:52:41","modified_gmt":"2023-04-26T17:52:41","slug":"olay-goruntulerin-ardindan-kadir-dogulu-sessizligini-bozdu","status":"publish","type":"post","link":"https:\/\/www.urfabugun.com\/index.php\/2023\/04\/26\/olay-goruntulerin-ardindan-kadir-dogulu-sessizligini-bozdu\/","title":{"rendered":"Olay G\u00f6r\u00fcnt\u00fclerin Ard\u0131ndan Kadir Do\u011fulu Sessizli\u011fini Bozdu!"},"content":{"rendered":"\n<p><\/p>\n\n\n\n<p><strong>Neslihan Atag\u00fcl ile mutlu bir evlili\u011fi olan Kadir Do\u011fulu, e\u011flence mek\u00e2n\u0131nda bir kad\u0131nla dans etti\u011fi g\u00f6r\u00fcnt\u00fclerin ortaya \u00e7\u0131kmas\u0131n\u0131n ard\u0131ndan sessizli\u011fini bozdu.<\/strong><\/p>\n\n\n\n<p>2016 y\u0131l\u0131nda Neslihan Atag\u00fcl ile d\u00fcnya evine giren Kadir Do\u011fulu&#8217;nun bir e\u011flence mek\u00e2n\u0131nda \u00e7\u0131kan g\u00f6r\u00fcnt\u00fcleri magazin g\u00fcndemini sallad\u0131. Bir kad\u0131nla dans ederek yak\u0131nla\u015ft\u0131\u011f\u0131 g\u00f6r\u00fcnt\u00fcler sonras\u0131 ihanet iddialar\u0131 ortaya at\u0131ld\u0131.<\/p>\n\n\n\n<p>\u0130hanet ve imam nik\u00e2h\u0131 iddialar\u0131n\u0131 yalanlayan Do\u011fulu, &#8220;Ben bu g\u00f6r\u00fcnt\u00fcleri bu \u015fekilde yayan ki\u015finin benimle yak\u0131nla\u015fmak isteyen ama yak\u0131nla\u015famay\u0131nca da bu \u015fekilde davranan bir ki\u015fi oldu\u011funu d\u00fc\u015f\u00fcn\u00fcyorum. O g\u00fcn o kad\u0131nca\u011f\u0131z d\u0131\u015f\u0131nda 80 ki\u015fiyle konu\u015ftum. Benim Neslihan&#8217;dan ba\u015fka imam nik\u00e2hl\u0131 e\u015fim yok&#8221; dedi.<\/p>\n","protected":false},"excerpt":{"rendered":"<p>Neslihan Atag\u00fcl ile mutlu bir evlili\u011fi olan Kadir Do\u011fulu, e\u011flence mek\u00e2n\u0131nda bir kad\u0131nla dans etti\u011fi g\u00f6r\u00fcnt\u00fclerin&#46;&#46;&#46;<\/p>\n","protected":false},"author":2,"featured_media":5087,"comment_status":"open","ping_status":"open","sticky":false,"template":"","format":"standard","meta":{"inline_featured_image":false,"footnotes":""},"categories":[85],"tags":[1642,1643,131,107,802,93],"manset":[],"class_list":["post-5085","post","type-post","status-publish","format-standard","has-post-thumbnail","hentry","category-magazin-haberleri","tag-kadir-dogulu","tag-neslihan-atagul","tag-son-dakika","tag-ub","tag-urfa-bugun-emin-ozaslan","tag-ust"],"_links":{"self":[{"href":"https:\/\/www.urfabugun.com\/index.php\/wp-json\/wp\/v2\/posts\/5085","targetHints":{"allow":["GET"]}}],"collection":[{"href":"https:\/\/www.urfabugun.com\/index.php\/wp-json\/wp\/v2\/posts"}],"about":[{"href":"https:\/\/www.urfabugun.com\/index.php\/wp-json\/wp\/v2\/types\/post"}],"author":[{"embeddable":true,"href":"https:\/\/www.urfabugun.com\/index.php\/wp-json\/wp\/v2\/users\/2"}],"replies":[{"embeddable":true,"href":"https:\/\/www.urfabugun.com\/index.php\/wp-json\/wp\/v2\/comments?post=5085"}],"version-history":[{"count":0,"href":"https:\/\/www.urfabugun.com\/index.php\/wp-json\/wp\/v2\/posts\/5085\/revisions"}],"wp:featuredmedia":[{"embeddable":true,"href":"https:\/\/www.urfabugun.com\/index.php\/wp-json\/wp\/v2\/media\/5087"}],"wp:attachment":[{"href":"https:\/\/www.urfabugun.com\/index.php\/wp-json\/wp\/v2\/media?parent=5085"}],"wp:term":[{"taxonomy":"category","embeddable":true,"href":"https:\/\/www.urfabugun.com\/index.php\/wp-json\/wp\/v2\/categories?post=5085"},{"taxonomy":"post_tag","embeddable":true,"href":"https:\/\/www.urfabugun.com\/index.php\/wp-json\/wp\/v2\/tags?post=5085"},{"taxonomy":"manset","embeddable":true,"href":"https:\/\/www.urfabugun.com\/index.php\/wp-json\/wp\/v2\/manset?post=5085"}],"curies":[{"name":"wp","href":"https:\/\/api.w.org\/{rel}","templated":true}]}}