{"id":5100,"date":"2023-04-27T12:16:17","date_gmt":"2023-04-27T09:16:17","guid":{"rendered":"https:\/\/www.urfabugun.com\/?p=5100"},"modified":"2023-04-27T12:16:23","modified_gmt":"2023-04-27T09:16:23","slug":"sanliurfa-buyuksehir-toplu-tasima-araclarina-sofor-aliyor","status":"publish","type":"post","link":"https:\/\/www.urfabugun.com\/index.php\/2023\/04\/27\/sanliurfa-buyuksehir-toplu-tasima-araclarina-sofor-aliyor\/","title":{"rendered":"\u015eanl\u0131urfa B\u00fcy\u00fck\u015fehir Toplu Ta\u015f\u0131ma Ara\u00e7lar\u0131na \u015eof\u00f6r Al\u0131yor!"},"content":{"rendered":"\n<p><\/p>\n\n\n\n<p><strong>\u015eanl\u0131urfa B\u00fcy\u00fck\u015fehir Belediyesine ba\u011fl\u0131 BELSAN A.\u015e toplu ta\u015f\u0131ma hatlar\u0131nda \u00e7al\u0131\u015ft\u0131r\u0131lmak \u00fczere otob\u00fcs \u015fof\u00f6r\u00fc al\u0131m\u0131 yap\u0131lacak.<\/strong><\/p>\n\n\n\n<p>\u015eanl\u0131urfa B\u00fcy\u00fck\u015fehir Belediye Ba\u015fkan\u0131 Zeynel Abidin Beyazg\u00fcl, BELSAN\u2019da \u015fof\u00f6r al\u0131naca\u011f\u0131na ili\u015fkin sosyal medya hesab\u0131ndan duyuru yapt\u0131.<\/p>\n\n\n\n<p>Ba\u015fvuracaklar\u0131n 27- 45 ya\u015f aras\u0131nda olmak \u015fart\u0131yla;<\/p>\n\n\n\n<p>Kimlik Fotokopisi<\/p>\n\n\n\n<p>Ehliyet Fotokopisi ( D S\u0131n\u0131f\u0131 en az 3 Y\u0131ll\u0131k Ehliyeti olacak)<\/p>\n\n\n\n<p>SRC 1 veya SRC 2 Belgesi<\/p>\n\n\n\n<p>Askerlik Durumu Belgesi<\/p>\n\n\n\n<p>Sab\u0131ka Kayd\u0131 Belgesi Evraklar\u0131n\u0131 da alarak 05\/05\/2023 tarihine kadar BELSAN A\u015e \u0130nsan Kaynaklar\u0131 M\u00fcd\u00fcrl\u00fc\u011f\u00fcne teslim etmesi gerekiyor.<\/p>\n\n\n\n<p>Ba\u015fvuru evraklar\u0131n\u0131n Pa\u015faba\u011f\u0131 Mahallesi 720. Sokak No:13\/1 Haliliye\/\u015eanl\u0131urfa \u2013 BELSAN Genel M\u00fcd\u00fcrl\u00fc\u011f\u00fc \u0130nsan Kaynaklar\u0131 \u015eube M\u00fcd\u00fcrl\u00fc\u011f\u00fc\u2019ne teslim etmeleri istendi.<\/p>\n","protected":false},"excerpt":{"rendered":"<p>\u015eanl\u0131urfa B\u00fcy\u00fck\u015fehir Belediyesine ba\u011fl\u0131 BELSAN A.\u015e toplu ta\u015f\u0131ma hatlar\u0131nda \u00e7al\u0131\u015ft\u0131r\u0131lmak \u00fczere otob\u00fcs \u015fof\u00f6r\u00fc al\u0131m\u0131 yap\u0131lacak. \u015eanl\u0131urfa&#46;&#46;&#46;<\/p>\n","protected":false},"author":2,"featured_media":5102,"comment_status":"open","ping_status":"open","sticky":false,"template":"","format":"standard","meta":{"inline_featured_image":false,"footnotes":""},"categories":[82],"tags":[696,118,119,139,107],"manset":[],"class_list":["post-5100","post","type-post","status-publish","format-standard","has-post-thumbnail","hentry","category-gundem-haberleri","tag-gundem","tag-sanliurfa","tag-sanliurfa-buyuksehir-belediyesi","tag-sondakika","tag-ub"],"_links":{"self":[{"href":"https:\/\/www.urfabugun.com\/index.php\/wp-json\/wp\/v2\/posts\/5100","targetHints":{"allow":["GET"]}}],"collection":[{"href":"https:\/\/www.urfabugun.com\/index.php\/wp-json\/wp\/v2\/posts"}],"about":[{"href":"https:\/\/www.urfabugun.com\/index.php\/wp-json\/wp\/v2\/types\/post"}],"author":[{"embeddable":true,"href":"https:\/\/www.urfabugun.com\/index.php\/wp-json\/wp\/v2\/users\/2"}],"replies":[{"embeddable":true,"href":"https:\/\/www.urfabugun.com\/index.php\/wp-json\/wp\/v2\/comments?post=5100"}],"version-history":[{"count":0,"href":"https:\/\/www.urfabugun.com\/index.php\/wp-json\/wp\/v2\/posts\/5100\/revisions"}],"wp:featuredmedia":[{"embeddable":true,"href":"https:\/\/www.urfabugun.com\/index.php\/wp-json\/wp\/v2\/media\/5102"}],"wp:attachment":[{"href":"https:\/\/www.urfabugun.com\/index.php\/wp-json\/wp\/v2\/media?parent=5100"}],"wp:term":[{"taxonomy":"category","embeddable":true,"href":"https:\/\/www.urfabugun.com\/index.php\/wp-json\/wp\/v2\/categories?post=5100"},{"taxonomy":"post_tag","embeddable":true,"href":"https:\/\/www.urfabugun.com\/index.php\/wp-json\/wp\/v2\/tags?post=5100"},{"taxonomy":"manset","embeddable":true,"href":"https:\/\/www.urfabugun.com\/index.php\/wp-json\/wp\/v2\/manset?post=5100"}],"curies":[{"name":"wp","href":"https:\/\/api.w.org\/{rel}","templated":true}]}}