{"id":5157,"date":"2023-04-28T09:14:31","date_gmt":"2023-04-28T06:14:31","guid":{"rendered":"https:\/\/www.urfabugun.com\/?p=5157"},"modified":"2023-04-28T09:14:37","modified_gmt":"2023-04-28T06:14:37","slug":"aym-karar-verdi-kadinlar-erkeklerin-soyadini-almak-zorunda-degil","status":"publish","type":"post","link":"https:\/\/www.urfabugun.com\/index.php\/2023\/04\/28\/aym-karar-verdi-kadinlar-erkeklerin-soyadini-almak-zorunda-degil\/","title":{"rendered":"AYM Karar Verdi: Kad\u0131nlar Erkeklerin Soyad\u0131n\u0131 Almak Zorunda De\u011fil!"},"content":{"rendered":"\n<p><\/p>\n\n\n\n<p><strong>Anayasa Mahkemesi, kad\u0131n\u0131n soyad\u0131 h\u00fckm\u00fcn\u00fc iptal etti. Y\u00fcksek Mahkeme, &#8220;kad\u0131n, kocas\u0131n\u0131n soyad\u0131 \u00f6n\u00fcnde \u00f6nceki soyad\u0131n\u0131 da kullanabilir&#8221; \u015feklindeki d\u00fczenlemeyi e\u015fitli\u011fe ayk\u0131r\u0131 buldu. Mahkeme karar\u0131 Resmi Gazete&#8217;de yay\u0131mland\u0131.<\/strong><\/p>\n\n\n\n<p>Anayasa Mahkemesi, T\u00fcrk Medeni Kanunu\u2019nda yer alan ve kad\u0131n\u0131n evlenmeden \u00f6nceki soyad\u0131n\u0131 kullanmas\u0131n\u0131 engelleyen kanun h\u00fckm\u00fcn\u00fc iptal etti.<\/p>\n\n\n\n<p>Karar\u0131n gerek\u00e7esinde, erke\u011fin do\u011fumla kazand\u0131\u011f\u0131 soyad\u0131n\u0131 \u00f6mr\u00fc boyunca kullanmas\u0131 m\u00fcmk\u00fcn iken, ayn\u0131 hakk\u0131n kad\u0131na tan\u0131nmamas\u0131n\u0131n e\u015fitlik ilkesiyle ba\u011fda\u015fmad\u0131\u011f\u0131 vurguland\u0131.<\/p>\n\n\n\n<p>Kad\u0131n, erke\u011fin soyad\u0131n\u0131 almak zorunda kalmayacak<\/p>\n\n\n\n<p>Avrupa \u0130nsan Haklar\u0131 Mahkemesi kararlar\u0131na at\u0131fta bulunularak, A\u0130HM\u2019in bu konuda farkl\u0131 muamele nedeniyle ihlal kararlar\u0131 verdi\u011fi hat\u0131rlat\u0131ld\u0131. Buna g\u00f6re, kad\u0131nlar evlendikten sonra art\u0131k erkeklerin soyad\u0131n\u0131 almak zorunda kalmayacak.<\/p>\n\n\n\n<p>\u0130stanbul 8\u2019inci Aile Mahkemesi, \u201cDaha \u00f6nce iki soyad\u0131 kullanan kad\u0131n, bu haktan sadece bir soyad\u0131 i\u00e7in yararlanabilir\u201d d\u00fczenlemesinin iptaline karar verilmesi talebiyle Anayasa Mahkemesi\u2019ne ba\u015fvurmu\u015ftu.<\/p>\n\n\n\n<p>H\u00fckm\u00fc oy \u00e7oklu\u011fu ile iptal eden Y\u00fcksek Mahkeme, iptal karar\u0131n\u0131n Resmi Gazete\u2019de yay\u0131mlanmas\u0131ndan ba\u015flayarak 9 ay sonra y\u00fcr\u00fcrl\u00fc\u011fe girmesine h\u00fckmetti.<\/p>\n","protected":false},"excerpt":{"rendered":"<p>Anayasa Mahkemesi, kad\u0131n\u0131n soyad\u0131 h\u00fckm\u00fcn\u00fc iptal etti. Y\u00fcksek Mahkeme, &#8220;kad\u0131n, kocas\u0131n\u0131n soyad\u0131 \u00f6n\u00fcnde \u00f6nceki soyad\u0131n\u0131 da&#46;&#46;&#46;<\/p>\n","protected":false},"author":2,"featured_media":5159,"comment_status":"open","ping_status":"open","sticky":false,"template":"","format":"standard","meta":{"inline_featured_image":false,"footnotes":""},"categories":[82],"tags":[280,1654,131,107],"manset":[],"class_list":["post-5157","post","type-post","status-publish","format-standard","has-post-thumbnail","hentry","category-gundem-haberleri","tag-aym","tag-evlilik","tag-son-dakika","tag-ub"],"_links":{"self":[{"href":"https:\/\/www.urfabugun.com\/index.php\/wp-json\/wp\/v2\/posts\/5157","targetHints":{"allow":["GET"]}}],"collection":[{"href":"https:\/\/www.urfabugun.com\/index.php\/wp-json\/wp\/v2\/posts"}],"about":[{"href":"https:\/\/www.urfabugun.com\/index.php\/wp-json\/wp\/v2\/types\/post"}],"author":[{"embeddable":true,"href":"https:\/\/www.urfabugun.com\/index.php\/wp-json\/wp\/v2\/users\/2"}],"replies":[{"embeddable":true,"href":"https:\/\/www.urfabugun.com\/index.php\/wp-json\/wp\/v2\/comments?post=5157"}],"version-history":[{"count":0,"href":"https:\/\/www.urfabugun.com\/index.php\/wp-json\/wp\/v2\/posts\/5157\/revisions"}],"wp:featuredmedia":[{"embeddable":true,"href":"https:\/\/www.urfabugun.com\/index.php\/wp-json\/wp\/v2\/media\/5159"}],"wp:attachment":[{"href":"https:\/\/www.urfabugun.com\/index.php\/wp-json\/wp\/v2\/media?parent=5157"}],"wp:term":[{"taxonomy":"category","embeddable":true,"href":"https:\/\/www.urfabugun.com\/index.php\/wp-json\/wp\/v2\/categories?post=5157"},{"taxonomy":"post_tag","embeddable":true,"href":"https:\/\/www.urfabugun.com\/index.php\/wp-json\/wp\/v2\/tags?post=5157"},{"taxonomy":"manset","embeddable":true,"href":"https:\/\/www.urfabugun.com\/index.php\/wp-json\/wp\/v2\/manset?post=5157"}],"curies":[{"name":"wp","href":"https:\/\/api.w.org\/{rel}","templated":true}]}}