{"id":5194,"date":"2023-04-29T09:05:48","date_gmt":"2023-04-29T06:05:48","guid":{"rendered":"https:\/\/www.urfabugun.com\/?p=5194"},"modified":"2023-04-29T09:05:54","modified_gmt":"2023-04-29T06:05:54","slug":"komur-yardimi-resmi-gazetede-yayimlandi","status":"publish","type":"post","link":"https:\/\/www.urfabugun.com\/index.php\/2023\/04\/29\/komur-yardimi-resmi-gazetede-yayimlandi\/","title":{"rendered":"K\u00f6m\u00fcr Yard\u0131m\u0131 Resmi Gazete&#8217;de Yay\u0131mland\u0131!"},"content":{"rendered":"\n<p><\/p>\n\n\n\n<p><strong>\u0130htiya\u00e7 sahibi hanelere \u0131s\u0131nma ama\u00e7l\u0131 k\u00f6m\u00fcr yard\u0131m\u0131 yap\u0131lmas\u0131na ili\u015fkin karar Cumhurba\u015fkan\u0131 Erdo\u011fan&#8217;\u0131n imzas\u0131yla Resm\u00ee Gazete&#8217;de yay\u0131mland\u0131.<\/strong><\/p>\n\n\n\n<p>K\u00f6m\u00fcr teslimatlar\u0131n\u0131n bakanl\u0131k taraf\u0131ndan belirlenen il ve il\u00e7elerde hane ba\u015f\u0131 k\u00f6m\u00fcr miktar\u0131n\u0131 a\u015fmamak kayd\u0131yla yap\u0131laca\u011f\u0131 belirtildi.<\/p>\n\n\n\n<p>Erdo\u011fan, ge\u00e7ti\u011fimiz g\u00fcnlerde Filyos Gaz \u0130\u015fleme Tesisi\u2019nde yapt\u0131\u011f\u0131 a\u00e7\u0131klamada bir ay konutlardaki do\u011fal gaz\u0131n \u00fccretsiz olaca\u011f\u0131n\u0131, bir y\u0131l boyunca da 25 metrek\u00fcp do\u011fal gaz\u0131n \u00fccretsiz olaca\u011f\u0131n\u0131 duyurmu\u015ftu.<\/p>\n","protected":false},"excerpt":{"rendered":"<p>\u0130htiya\u00e7 sahibi hanelere \u0131s\u0131nma ama\u00e7l\u0131 k\u00f6m\u00fcr yard\u0131m\u0131 yap\u0131lmas\u0131na ili\u015fkin karar Cumhurba\u015fkan\u0131 Erdo\u011fan&#8217;\u0131n imzas\u0131yla Resm\u00ee Gazete&#8217;de yay\u0131mland\u0131.&#46;&#46;&#46;<\/p>\n","protected":false},"author":2,"featured_media":5196,"comment_status":"open","ping_status":"open","sticky":false,"template":"","format":"standard","meta":{"inline_featured_image":false,"footnotes":""},"categories":[82],"tags":[237,1659,562,107,93],"manset":[],"class_list":["post-5194","post","type-post","status-publish","format-standard","has-post-thumbnail","hentry","category-gundem-haberleri","tag-erdogan","tag-komur-yardimi","tag-resmi-gazete","tag-ub","tag-ust"],"_links":{"self":[{"href":"https:\/\/www.urfabugun.com\/index.php\/wp-json\/wp\/v2\/posts\/5194","targetHints":{"allow":["GET"]}}],"collection":[{"href":"https:\/\/www.urfabugun.com\/index.php\/wp-json\/wp\/v2\/posts"}],"about":[{"href":"https:\/\/www.urfabugun.com\/index.php\/wp-json\/wp\/v2\/types\/post"}],"author":[{"embeddable":true,"href":"https:\/\/www.urfabugun.com\/index.php\/wp-json\/wp\/v2\/users\/2"}],"replies":[{"embeddable":true,"href":"https:\/\/www.urfabugun.com\/index.php\/wp-json\/wp\/v2\/comments?post=5194"}],"version-history":[{"count":0,"href":"https:\/\/www.urfabugun.com\/index.php\/wp-json\/wp\/v2\/posts\/5194\/revisions"}],"wp:featuredmedia":[{"embeddable":true,"href":"https:\/\/www.urfabugun.com\/index.php\/wp-json\/wp\/v2\/media\/5196"}],"wp:attachment":[{"href":"https:\/\/www.urfabugun.com\/index.php\/wp-json\/wp\/v2\/media?parent=5194"}],"wp:term":[{"taxonomy":"category","embeddable":true,"href":"https:\/\/www.urfabugun.com\/index.php\/wp-json\/wp\/v2\/categories?post=5194"},{"taxonomy":"post_tag","embeddable":true,"href":"https:\/\/www.urfabugun.com\/index.php\/wp-json\/wp\/v2\/tags?post=5194"},{"taxonomy":"manset","embeddable":true,"href":"https:\/\/www.urfabugun.com\/index.php\/wp-json\/wp\/v2\/manset?post=5194"}],"curies":[{"name":"wp","href":"https:\/\/api.w.org\/{rel}","templated":true}]}}