{"id":5217,"date":"2023-04-29T15:00:00","date_gmt":"2023-04-29T12:00:00","guid":{"rendered":"https:\/\/www.urfabugun.com\/?p=5217"},"modified":"2023-04-29T15:23:45","modified_gmt":"2023-04-29T12:23:45","slug":"hayallerin-sesi-cocuklarin-tebessumu-olmaya-devam-ediyor","status":"publish","type":"post","link":"https:\/\/www.urfabugun.com\/index.php\/2023\/04\/29\/hayallerin-sesi-cocuklarin-tebessumu-olmaya-devam-ediyor\/","title":{"rendered":"\u2018Hayallerin Sesi\u2019 \u00c7ocuklar\u0131n Tebess\u00fcm\u00fc Olmaya Devam Ediyor!"},"content":{"rendered":"\n<p><strong>Hayallerin Sesi isimli sivil toplum kurulu\u015fu, \u015eanl\u0131urfa&#8217;n\u0131n Eyy\u00fcbiye il\u00e7esine ba\u011fl\u0131 Selman k\u00f6y\u00fcndeki \u015eehit Mustafa Alpakl\u0131 \u0130lkokulu&#8217;na konuk oldu. G\u00f6n\u00fcll\u00fc gen\u00e7ler, \u00e7ocuklar\u0131 e\u011flendirmek ve onlar\u0131n hayallerini ger\u00e7ekle\u015ftirmek i\u00e7in bir araya gelerek renkli bir etkinlik d\u00fczenledi.<\/strong><\/p>\n\n\n\n<p>\u00c7ocuklar, \u015fark\u0131lar ve danslar e\u015fli\u011finde keyifli zaman ge\u00e7irirken g\u00f6n\u00fcll\u00fcler de hediyeler ve pamuk \u015feker ikram\u0131nda bulundu. Etkinlik s\u0131ras\u0131nda \u00e7ocuklar\u0131n y\u00fczlerindeki g\u00fcl\u00fcmsemeleri g\u00f6ren Hayallerin Sesi ekibi, bu g\u00fczel an\u0131lar\u0131n devam etmesi i\u00e7in \u00e7al\u0131\u015fmalar\u0131na aral\u0131ks\u0131z devam ediyor.<\/p>\n\n\n\n<p>\u015eanl\u0131urfa\u2019daki k\u00f6y okullar\u0131 ve ya\u015fl\u0131 bak\u0131m evleri gibi farkl\u0131 alanlarda da etkinlikler d\u00fczenleyen g\u00f6n\u00fcll\u00fc grup, toplumda birlik ve dayan\u0131\u015fmay\u0131 art\u0131rmay\u0131 hedefliyor. Hayallerin Sesi\u2019nin \u00e7ocuklar\u0131n hayallerini ger\u00e7ekle\u015ftirme yolundaki bu g\u00fczel ad\u0131mlar\u0131, bir\u00e7ok ki\u015finin takdirini kazan\u0131yor.<\/p>\n","protected":false},"excerpt":{"rendered":"<p>Hayallerin Sesi isimli sivil toplum kurulu\u015fu, \u015eanl\u0131urfa&#8217;n\u0131n Eyy\u00fcbiye il\u00e7esine ba\u011fl\u0131 Selman k\u00f6y\u00fcndeki \u015eehit Mustafa Alpakl\u0131 \u0130lkokulu&#8217;na&#46;&#46;&#46;<\/p>\n","protected":false},"author":2,"featured_media":5219,"comment_status":"open","ping_status":"open","sticky":false,"template":"","format":"standard","meta":{"inline_featured_image":false,"footnotes":""},"categories":[92],"tags":[1664,840,1663,107],"manset":[],"class_list":["post-5217","post","type-post","status-publish","format-standard","has-post-thumbnail","hentry","category-yasam-haberleri","tag-etkinlik","tag-hayallerin-sesi","tag-tebessum","tag-ub"],"_links":{"self":[{"href":"https:\/\/www.urfabugun.com\/index.php\/wp-json\/wp\/v2\/posts\/5217","targetHints":{"allow":["GET"]}}],"collection":[{"href":"https:\/\/www.urfabugun.com\/index.php\/wp-json\/wp\/v2\/posts"}],"about":[{"href":"https:\/\/www.urfabugun.com\/index.php\/wp-json\/wp\/v2\/types\/post"}],"author":[{"embeddable":true,"href":"https:\/\/www.urfabugun.com\/index.php\/wp-json\/wp\/v2\/users\/2"}],"replies":[{"embeddable":true,"href":"https:\/\/www.urfabugun.com\/index.php\/wp-json\/wp\/v2\/comments?post=5217"}],"version-history":[{"count":0,"href":"https:\/\/www.urfabugun.com\/index.php\/wp-json\/wp\/v2\/posts\/5217\/revisions"}],"wp:featuredmedia":[{"embeddable":true,"href":"https:\/\/www.urfabugun.com\/index.php\/wp-json\/wp\/v2\/media\/5219"}],"wp:attachment":[{"href":"https:\/\/www.urfabugun.com\/index.php\/wp-json\/wp\/v2\/media?parent=5217"}],"wp:term":[{"taxonomy":"category","embeddable":true,"href":"https:\/\/www.urfabugun.com\/index.php\/wp-json\/wp\/v2\/categories?post=5217"},{"taxonomy":"post_tag","embeddable":true,"href":"https:\/\/www.urfabugun.com\/index.php\/wp-json\/wp\/v2\/tags?post=5217"},{"taxonomy":"manset","embeddable":true,"href":"https:\/\/www.urfabugun.com\/index.php\/wp-json\/wp\/v2\/manset?post=5217"}],"curies":[{"name":"wp","href":"https:\/\/api.w.org\/{rel}","templated":true}]}}