{"id":5265,"date":"2023-05-01T13:05:40","date_gmt":"2023-05-01T10:05:40","guid":{"rendered":"https:\/\/www.urfabugun.com\/?p=5265"},"modified":"2023-05-01T13:05:46","modified_gmt":"2023-05-01T10:05:46","slug":"sanliurfada-harran-kertenkelesi-populasyonunu-artiriliyor","status":"publish","type":"post","link":"https:\/\/www.urfabugun.com\/index.php\/2023\/05\/01\/sanliurfada-harran-kertenkelesi-populasyonunu-artiriliyor\/","title":{"rendered":"\u015eanl\u0131urfa\u2019da \u2018Harran Kertenkelesi\u2019 Pop\u00fclasyonunu Art\u0131r\u0131l\u0131yor!"},"content":{"rendered":"\n<p><\/p>\n\n\n\n<p><strong>Tar\u0131m ve Orman Bakanl\u0131\u011f\u0131 ile Avrupa Birli\u011fi (AB) i\u015fbirli\u011fiyle nesli t\u00fckenmekte olan hayvan ve bitkilerin korunmas\u0131 amac\u0131yla hayata ge\u00e7irilen proje kapsam\u0131nda, Harran kertenkelesinin pop\u00fclasyonun art\u0131r\u0131lmas\u0131 i\u00e7in bilin\u00e7lendirme faaliyeti y\u00fcr\u00fct\u00fcl\u00fcyor.<\/strong><\/p>\n\n\n\n<p>T\u00fcrkiye\u2019de biyo\u00e7e\u015fitlili\u011fin korunmas\u0131 amac\u0131yla 2020\u2019de hayata ge\u00e7irilen \u201cYeni Bir Metodoloji Kapsam\u0131nda T\u00fcrkiye\u2019nin Nesli Tehlike Alt\u0131nda T\u00fcrleri \u0130\u00e7in T\u00fcr Eylem Planlar\u0131 Haz\u0131rlanmas\u0131, Uygulanmas\u0131 ve \u0130zlenmesi Projesi\u201d kapsam\u0131nda \u00e7al\u0131\u015fmalar devam ediyor.<\/p>\n\n\n\n<p>2005 y\u0131l\u0131nda ke\u015ffedilen Harran kertenkelesinin korunmas\u0131 ve devaml\u0131l\u0131\u011f\u0131n\u0131n sa\u011flanmas\u0131 i\u00e7in Ad\u0131yaman \u00dcniversitesi Fen-Edebiyat Fak\u00fcltesi Zooloji Anabilim Dal\u0131 \u00d6\u011fretim \u00dcyesi Prof. Dr. Mehmet Z\u00fclf\u00fc Y\u0131ld\u0131z, t\u00fcr\u00fc izleyecek olan Do\u011fa Koruma ve Milli Parklar \u015eanl\u0131urfa \u015eubesi g\u00f6revlilerine e\u011fitim verdi.<\/p>\n\n\n\n<p>Ekipler de b\u00f6lgede Harran kertenkelesi pop\u00fclasyonun korunmas\u0131 i\u00e7in \u00e7al\u0131\u015fma ba\u015flatt\u0131. Ba\u015fta Harran harabeleri ve b\u00f6lgede ara\u015ft\u0131rma yapan ekipler, halk\u0131 ve kamu kurumlar\u0131n\u0131 bilgilendirerek, kaz\u0131 \u00e7al\u0131\u015fmalar\u0131n\u0131n dikkatli yap\u0131lmas\u0131, \u00e7evre kirlili\u011finin \u00f6nlemesi ve alanda ate\u015f yak\u0131lmamas\u0131 konusunda uyar\u0131larda bulunuyor.<\/p>\n\n\n\n<p>&nbsp;\u201cY\u0131llara g\u00f6re pop\u00fclasyon e\u011filimini takip edece\u011fiz\u201d<\/p>\n\n\n\n<p>Prof. Dr. Y\u0131ld\u0131z, koruma alt\u0131na al\u0131nan t\u00fcrlerden Harran kertenkelesi ile ilgili ge\u00e7en y\u0131l \u015eanl\u0131urfa\u2019da \u201cHarran Kertenkelesi T\u00fcr Eylem Plan\u0131 \u00c7al\u0131\u015ftay\u0131\u201dn\u0131 d\u00fczenlendiklerini s\u00f6yledi.<\/p>\n\n\n\n<p>\u00c7al\u0131\u015ftayda, Harran kertenkelesinin korunmas\u0131 ve devaml\u0131l\u0131\u011f\u0131n\u0131n sa\u011flanmas\u0131 i\u00e7in izlenecek yol haritas\u0131n\u0131 belirlediklerini aktaran Y\u0131ld\u0131z, bu kapsamda \u00e7e\u015fitli e\u011fitimler ger\u00e7ekle\u015ftirdiklerini ifade etti.<\/p>\n","protected":false},"excerpt":{"rendered":"<p>Tar\u0131m ve Orman Bakanl\u0131\u011f\u0131 ile Avrupa Birli\u011fi (AB) i\u015fbirli\u011fiyle nesli t\u00fckenmekte olan hayvan ve bitkilerin korunmas\u0131&#46;&#46;&#46;<\/p>\n","protected":false},"author":2,"featured_media":5267,"comment_status":"open","ping_status":"open","sticky":false,"template":"","format":"standard","meta":{"inline_featured_image":false,"footnotes":""},"categories":[77],"tags":[1673,118,107,130],"manset":[],"class_list":["post-5265","post","type-post","status-publish","format-standard","has-post-thumbnail","hentry","category-cevre-haberleri","tag-kertenkele","tag-sanliurfa","tag-ub","tag-urfa"],"_links":{"self":[{"href":"https:\/\/www.urfabugun.com\/index.php\/wp-json\/wp\/v2\/posts\/5265","targetHints":{"allow":["GET"]}}],"collection":[{"href":"https:\/\/www.urfabugun.com\/index.php\/wp-json\/wp\/v2\/posts"}],"about":[{"href":"https:\/\/www.urfabugun.com\/index.php\/wp-json\/wp\/v2\/types\/post"}],"author":[{"embeddable":true,"href":"https:\/\/www.urfabugun.com\/index.php\/wp-json\/wp\/v2\/users\/2"}],"replies":[{"embeddable":true,"href":"https:\/\/www.urfabugun.com\/index.php\/wp-json\/wp\/v2\/comments?post=5265"}],"version-history":[{"count":0,"href":"https:\/\/www.urfabugun.com\/index.php\/wp-json\/wp\/v2\/posts\/5265\/revisions"}],"wp:featuredmedia":[{"embeddable":true,"href":"https:\/\/www.urfabugun.com\/index.php\/wp-json\/wp\/v2\/media\/5267"}],"wp:attachment":[{"href":"https:\/\/www.urfabugun.com\/index.php\/wp-json\/wp\/v2\/media?parent=5265"}],"wp:term":[{"taxonomy":"category","embeddable":true,"href":"https:\/\/www.urfabugun.com\/index.php\/wp-json\/wp\/v2\/categories?post=5265"},{"taxonomy":"post_tag","embeddable":true,"href":"https:\/\/www.urfabugun.com\/index.php\/wp-json\/wp\/v2\/tags?post=5265"},{"taxonomy":"manset","embeddable":true,"href":"https:\/\/www.urfabugun.com\/index.php\/wp-json\/wp\/v2\/manset?post=5265"}],"curies":[{"name":"wp","href":"https:\/\/api.w.org\/{rel}","templated":true}]}}