{"id":5294,"date":"2023-05-02T09:33:02","date_gmt":"2023-05-02T06:33:02","guid":{"rendered":"https:\/\/www.urfabugun.com\/?p=5294"},"modified":"2023-05-02T09:33:09","modified_gmt":"2023-05-02T06:33:09","slug":"gozu-donen-damat-dehset-sacti-3-olu","status":"publish","type":"post","link":"https:\/\/www.urfabugun.com\/index.php\/2023\/05\/02\/gozu-donen-damat-dehset-sacti-3-olu\/","title":{"rendered":"G\u00f6z\u00fc D\u00f6nen Damat Deh\u015fet Sa\u00e7t\u0131: 3 \u00d6l\u00fc!"},"content":{"rendered":"\n<p><\/p>\n\n\n\n<p><strong>Adana&#8217;n\u0131n merkez Sar\u0131\u00e7am il\u00e7esinde, eski kay\u0131nvalidesi ve bald\u0131z\u0131n\u0131 tabancayla \u00f6ld\u00fcren, eski kayn\u0131n\u0131n e\u015fini de yaralayan ki\u015fi intihar etti.<\/strong><\/p>\n\n\n\n<p>Akkuyu Mahallesi&#8217;nde U\u011fur D, yakla\u015f\u0131k 3 ay \u00f6nce bo\u015fand\u0131\u011f\u0131 e\u015fi Rahime D&#8217;nin ya\u015fad\u0131\u011f\u0131 annesi \u015eerife Y\u0131ld\u0131z&#8217;\u0131n evine gitti.<\/p>\n\n\n\n<p>U\u011fur D, evin avlusunda yufka ekmek haz\u0131rlayan eski kay\u0131nvalidesi \u015eerife ve doktor oldu\u011fu \u00f6\u011frenilen k\u0131z\u0131 S\u00fcmeyye Y\u0131ld\u0131z ile gelini Cennet Y\u0131ld\u0131z&#8217;a tabancayla ate\u015f etti. Sald\u0131r\u0131 s\u0131ras\u0131nda Rahime D. ise b\u00f6lgeden uzakla\u015farak kurtuldu.<\/p>\n\n\n\n<p>Daha sonra U\u011fur D, ayn\u0131 tabancayla intihar etti. Olay\u0131n bildirilmesi \u00fczerine adrese polis ve 112 Acil Sa\u011fl\u0131k ekipleri y\u00f6nlendirildi.<\/p>\n\n\n\n<p>Sa\u011fl\u0131k ekipleri, \u015eerife Y\u0131ld\u0131z ve k\u0131z\u0131 S\u00fcmeyye Y\u0131ld\u0131z&#8217;\u0131n hayat\u0131n\u0131 kaybetti\u011fini belirledi. Yaral\u0131 Cennet Y\u0131ld\u0131z ise ambulansla hastaneye kald\u0131r\u0131ld\u0131.<\/p>\n\n\n\n<p>Olay\u0131 haber alarak eve gelen aile yak\u0131nlar\u0131 g\u00f6zya\u015f\u0131 d\u00f6kt\u00fc. Cenazeler, olay yerindeki incelemenin ard\u0131ndan Adana Adli T\u0131p Kurumu morguna kald\u0131r\u0131ld\u0131.<\/p>\n\n\n\n<p>Bu arada, \u0130ncirlik Aile Sa\u011fl\u0131\u011f\u0131 Merkezinde g\u00f6rev yapt\u0131\u011f\u0131 belirtilen Doktor S\u00fcmeyye Y\u0131ld\u0131z&#8217;\u0131n yakla\u015f\u0131k bir ay \u00f6nce evlendi\u011fi \u00f6\u011frenildi.<\/p>\n","protected":false},"excerpt":{"rendered":"<p>Adana&#8217;n\u0131n merkez Sar\u0131\u00e7am il\u00e7esinde, eski kay\u0131nvalidesi ve bald\u0131z\u0131n\u0131 tabancayla \u00f6ld\u00fcren, eski kayn\u0131n\u0131n e\u015fini de yaralayan ki\u015fi&#46;&#46;&#46;<\/p>\n","protected":false},"author":2,"featured_media":5296,"comment_status":"open","ping_status":"open","sticky":false,"template":"","format":"standard","meta":{"inline_featured_image":false,"footnotes":""},"categories":[75],"tags":[700,1679,118,107],"manset":[],"class_list":["post-5294","post","type-post","status-publish","format-standard","has-post-thumbnail","hentry","category-asayis-haberleri","tag-adana","tag-eski-damat-dehset-sacti","tag-sanliurfa","tag-ub"],"_links":{"self":[{"href":"https:\/\/www.urfabugun.com\/index.php\/wp-json\/wp\/v2\/posts\/5294","targetHints":{"allow":["GET"]}}],"collection":[{"href":"https:\/\/www.urfabugun.com\/index.php\/wp-json\/wp\/v2\/posts"}],"about":[{"href":"https:\/\/www.urfabugun.com\/index.php\/wp-json\/wp\/v2\/types\/post"}],"author":[{"embeddable":true,"href":"https:\/\/www.urfabugun.com\/index.php\/wp-json\/wp\/v2\/users\/2"}],"replies":[{"embeddable":true,"href":"https:\/\/www.urfabugun.com\/index.php\/wp-json\/wp\/v2\/comments?post=5294"}],"version-history":[{"count":0,"href":"https:\/\/www.urfabugun.com\/index.php\/wp-json\/wp\/v2\/posts\/5294\/revisions"}],"wp:featuredmedia":[{"embeddable":true,"href":"https:\/\/www.urfabugun.com\/index.php\/wp-json\/wp\/v2\/media\/5296"}],"wp:attachment":[{"href":"https:\/\/www.urfabugun.com\/index.php\/wp-json\/wp\/v2\/media?parent=5294"}],"wp:term":[{"taxonomy":"category","embeddable":true,"href":"https:\/\/www.urfabugun.com\/index.php\/wp-json\/wp\/v2\/categories?post=5294"},{"taxonomy":"post_tag","embeddable":true,"href":"https:\/\/www.urfabugun.com\/index.php\/wp-json\/wp\/v2\/tags?post=5294"},{"taxonomy":"manset","embeddable":true,"href":"https:\/\/www.urfabugun.com\/index.php\/wp-json\/wp\/v2\/manset?post=5294"}],"curies":[{"name":"wp","href":"https:\/\/api.w.org\/{rel}","templated":true}]}}