{"id":5335,"date":"2023-05-03T10:32:50","date_gmt":"2023-05-03T07:32:50","guid":{"rendered":"https:\/\/www.urfabugun.com\/?p=5335"},"modified":"2023-05-03T10:32:56","modified_gmt":"2023-05-03T07:32:56","slug":"sanliurfada-teror-orgutu-uyeliginden-aranan-zanli-yakalandi","status":"publish","type":"post","link":"https:\/\/www.urfabugun.com\/index.php\/2023\/05\/03\/sanliurfada-teror-orgutu-uyeliginden-aranan-zanli-yakalandi\/","title":{"rendered":"\u015eanl\u0131urfa\u2019da Ter\u00f6r \u00d6rg\u00fct\u00fc \u00dcyeli\u011finden Aranan Zanl\u0131 Yakaland\u0131!"},"content":{"rendered":"\n<p><\/p>\n\n\n\n<p><strong>\u015eanl\u0131urfa\u2019n\u0131n Ceylanp\u0131nar il\u00e7esinde ter\u00f6r \u00f6rg\u00fct\u00fc PKK\/KCK\u2019ya \u00fcye olma su\u00e7undan aranan zanl\u0131 g\u00f6zalt\u0131na al\u0131nd\u0131.<\/strong><\/p>\n\n\n\n<p>Ceylanp\u0131nar \u0130l\u00e7e Emniyet M\u00fcd\u00fcrl\u00fc\u011f\u00fc ekiplerince Selahattin Eyy\u00fcbi Mahallesi\u2019nde durumundan \u015f\u00fcphelenilen bir ki\u015finin yap\u0131lan kimlik sorgusunda, \u015eanl\u0131urfa 2. A\u011f\u0131r Ceza Mahkemesi taraf\u0131ndan ter\u00f6r \u00f6rg\u00fct\u00fc PKK\/KCK\u2019ya \u00fcye oldu\u011fu gerek\u00e7esiyle arand\u0131\u011f\u0131 tespit edildi.<\/p>\n\n\n\n<p>Ekipler taraf\u0131ndan g\u00f6zalt\u0131na al\u0131nan zanl\u0131 \u015e.\u0130, i\u015flemleri i\u00e7in emniyete g\u00f6t\u00fcr\u00fcld\u00fc.<\/p>\n","protected":false},"excerpt":{"rendered":"<p>\u015eanl\u0131urfa\u2019n\u0131n Ceylanp\u0131nar il\u00e7esinde ter\u00f6r \u00f6rg\u00fct\u00fc PKK\/KCK\u2019ya \u00fcye olma su\u00e7undan aranan zanl\u0131 g\u00f6zalt\u0131na al\u0131nd\u0131. Ceylanp\u0131nar \u0130l\u00e7e Emniyet&#46;&#46;&#46;<\/p>\n","protected":false},"author":2,"featured_media":5337,"comment_status":"open","ping_status":"open","sticky":false,"template":"","format":"standard","meta":{"inline_featured_image":false,"footnotes":""},"categories":[75],"tags":[118,131,294,107],"manset":[],"class_list":["post-5335","post","type-post","status-publish","format-standard","has-post-thumbnail","hentry","category-asayis-haberleri","tag-sanliurfa","tag-son-dakika","tag-teror","tag-ub"],"_links":{"self":[{"href":"https:\/\/www.urfabugun.com\/index.php\/wp-json\/wp\/v2\/posts\/5335","targetHints":{"allow":["GET"]}}],"collection":[{"href":"https:\/\/www.urfabugun.com\/index.php\/wp-json\/wp\/v2\/posts"}],"about":[{"href":"https:\/\/www.urfabugun.com\/index.php\/wp-json\/wp\/v2\/types\/post"}],"author":[{"embeddable":true,"href":"https:\/\/www.urfabugun.com\/index.php\/wp-json\/wp\/v2\/users\/2"}],"replies":[{"embeddable":true,"href":"https:\/\/www.urfabugun.com\/index.php\/wp-json\/wp\/v2\/comments?post=5335"}],"version-history":[{"count":0,"href":"https:\/\/www.urfabugun.com\/index.php\/wp-json\/wp\/v2\/posts\/5335\/revisions"}],"wp:featuredmedia":[{"embeddable":true,"href":"https:\/\/www.urfabugun.com\/index.php\/wp-json\/wp\/v2\/media\/5337"}],"wp:attachment":[{"href":"https:\/\/www.urfabugun.com\/index.php\/wp-json\/wp\/v2\/media?parent=5335"}],"wp:term":[{"taxonomy":"category","embeddable":true,"href":"https:\/\/www.urfabugun.com\/index.php\/wp-json\/wp\/v2\/categories?post=5335"},{"taxonomy":"post_tag","embeddable":true,"href":"https:\/\/www.urfabugun.com\/index.php\/wp-json\/wp\/v2\/tags?post=5335"},{"taxonomy":"manset","embeddable":true,"href":"https:\/\/www.urfabugun.com\/index.php\/wp-json\/wp\/v2\/manset?post=5335"}],"curies":[{"name":"wp","href":"https:\/\/api.w.org\/{rel}","templated":true}]}}