{"id":5339,"date":"2023-05-03T11:51:10","date_gmt":"2023-05-03T08:51:10","guid":{"rendered":"https:\/\/www.urfabugun.com\/?p=5339"},"modified":"2023-05-03T11:51:17","modified_gmt":"2023-05-03T08:51:17","slug":"sanliurfada-gunes-tarlalari-artiyor","status":"publish","type":"post","link":"https:\/\/www.urfabugun.com\/index.php\/2023\/05\/03\/sanliurfada-gunes-tarlalari-artiyor\/","title":{"rendered":"\u015eanl\u0131urfa\u2019da G\u00fcne\u015f Tarlalar\u0131 Art\u0131yor!"},"content":{"rendered":"\n<p><\/p>\n\n\n\n<p><strong>T\u00fcrkiye\u2019nin en \u00e7ok g\u00fcne\u015f \u0131\u015f\u0131\u011f\u0131 alan, g\u00fcne\u015fli g\u00fcn say\u0131s\u0131 en fazla illerden biri olan \u015eanl\u0131urfa\u2019da tar\u0131m yap\u0131lamaya elveri\u015fli olmayan e\u011fimli alanlarda g\u00fcne\u015ften yararlanarak yenilenebilir enerji \u00fcretmek i\u00e7in \u00e7al\u0131\u015fmalar\u0131n\u0131 s\u00fcrd\u00fcren \u015eanl\u0131urfa B\u00fcy\u00fck\u015fehir Belediyesi, GES tarlalar\u0131n\u0131 geni\u015fletiyor.<\/strong><\/p>\n\n\n\n<p>\u015eehrin bir\u00e7ok noktas\u0131nda yeni yat\u0131r\u0131m yap\u0131larak g\u00fcne\u015fi en fazla alan kentlerden biri olan \u015eanl\u0131urfa\u2019da GES projelerinin say\u0131s\u0131 her ge\u00e7en g\u00fcn art\u0131r\u0131l\u0131yor.<\/p>\n\n\n\n<p>Yenilenebilir enerji kaynaklar\u0131ndan biri olan GES (G\u00fcne\u015f Enerji Sistemi) projeleri ile enerji ba\u011f\u0131ml\u0131l\u0131\u011f\u0131ndan kurtulmak ve tasarruf elde etmek i\u00e7in \u015eanl\u0131urfa B\u00fcy\u00fck\u015fehir Belediyesi Su ve Kanalizasyon \u0130daresi Genel M\u00fcd\u00fcrl\u00fc\u011f\u00fc (\u015eUSK\u0130) taraf\u0131ndan y\u00fcr\u00fct\u00fclen GES projesi s\u00fcratle ilerliyor.<\/p>\n\n\n\n<p>32.760 adet 550 Watt panellerle \u015eanl\u0131urfa\u2019n\u0131n yenilenebilir enerjisine g\u00fc\u00e7 katacak olan GES projesi ile yakla\u015f\u0131k 25 milyon kWh enerji \u00fcretilmesi hedefleniyor. B\u00f6ylece hem enerji maliyetlerini d\u00fc\u015f\u00fcrmesi, hem de \u015fehrin y\u0131ll\u0131k karbon sal\u0131n\u0131m\u0131n\u0131 \u00f6nemli oranda d\u00fc\u015f\u00fcrerek \u00e7evreye de katk\u0131 sunmas\u0131 \u00f6ng\u00f6r\u00fcl\u00fcyor.<\/p>\n\n\n\n<p>200 d\u00f6n\u00fcm alanda ger\u00e7ekle\u015fecek olan projede y\u0131ll\u0131k 9,4 milyon tonluk karbon emisyonuna e\u015fde\u011fer \u00fcretim yap\u0131lacak. Y\u0131ll\u0131k 15.600 hanenin y\u0131ll\u0131k t\u00fcketimi kadar enerji \u00fcretimi yap\u0131lacak. Yerli h\u00fccre ve panellerin kullan\u0131laca\u011f\u0131 proje, kamu projelerinde bu b\u00fcy\u00fckl\u00fckte bir ilk olma \u00f6zelli\u011fine sahip olacak.<\/p>\n\n\n\n<p>Enerji maliyetleri d\u00fc\u015f\u00fcn\u00fcld\u00fc\u011f\u00fcnde GES tesisinin t\u00fcm etaplar\u0131 tamamland\u0131\u011f\u0131nda \u015eanl\u0131urfa B\u00fcy\u00fck\u015fehir Belediyesi\u2019ne ayl\u0131k 7 Milyon TL maddi destek sa\u011flamas\u0131 ve tesisin kendini 3 ile 4 y\u0131l aras\u0131nda amorti etmesi bekleniyor.<\/p>\n","protected":false},"excerpt":{"rendered":"<p>T\u00fcrkiye\u2019nin en \u00e7ok g\u00fcne\u015f \u0131\u015f\u0131\u011f\u0131 alan, g\u00fcne\u015fli g\u00fcn say\u0131s\u0131 en fazla illerden biri olan \u015eanl\u0131urfa\u2019da tar\u0131m&#46;&#46;&#46;<\/p>\n","protected":false},"author":2,"featured_media":5341,"comment_status":"open","ping_status":"open","sticky":false,"template":"","format":"standard","meta":{"inline_featured_image":false,"footnotes":""},"categories":[77],"tags":[759,119,131,107],"manset":[],"class_list":["post-5339","post","type-post","status-publish","format-standard","has-post-thumbnail","hentry","category-cevre-haberleri","tag-ges","tag-sanliurfa-buyuksehir-belediyesi","tag-son-dakika","tag-ub"],"_links":{"self":[{"href":"https:\/\/www.urfabugun.com\/index.php\/wp-json\/wp\/v2\/posts\/5339","targetHints":{"allow":["GET"]}}],"collection":[{"href":"https:\/\/www.urfabugun.com\/index.php\/wp-json\/wp\/v2\/posts"}],"about":[{"href":"https:\/\/www.urfabugun.com\/index.php\/wp-json\/wp\/v2\/types\/post"}],"author":[{"embeddable":true,"href":"https:\/\/www.urfabugun.com\/index.php\/wp-json\/wp\/v2\/users\/2"}],"replies":[{"embeddable":true,"href":"https:\/\/www.urfabugun.com\/index.php\/wp-json\/wp\/v2\/comments?post=5339"}],"version-history":[{"count":0,"href":"https:\/\/www.urfabugun.com\/index.php\/wp-json\/wp\/v2\/posts\/5339\/revisions"}],"wp:featuredmedia":[{"embeddable":true,"href":"https:\/\/www.urfabugun.com\/index.php\/wp-json\/wp\/v2\/media\/5341"}],"wp:attachment":[{"href":"https:\/\/www.urfabugun.com\/index.php\/wp-json\/wp\/v2\/media?parent=5339"}],"wp:term":[{"taxonomy":"category","embeddable":true,"href":"https:\/\/www.urfabugun.com\/index.php\/wp-json\/wp\/v2\/categories?post=5339"},{"taxonomy":"post_tag","embeddable":true,"href":"https:\/\/www.urfabugun.com\/index.php\/wp-json\/wp\/v2\/tags?post=5339"},{"taxonomy":"manset","embeddable":true,"href":"https:\/\/www.urfabugun.com\/index.php\/wp-json\/wp\/v2\/manset?post=5339"}],"curies":[{"name":"wp","href":"https:\/\/api.w.org\/{rel}","templated":true}]}}