{"id":5356,"date":"2023-05-04T09:12:51","date_gmt":"2023-05-04T06:12:51","guid":{"rendered":"https:\/\/www.urfabugun.com\/?p=5356"},"modified":"2023-05-04T09:12:57","modified_gmt":"2023-05-04T06:12:57","slug":"eyyubiyede-elektrik-akimina-kapilan-kadin-agir-yaralandi","status":"publish","type":"post","link":"https:\/\/www.urfabugun.com\/index.php\/2023\/05\/04\/eyyubiyede-elektrik-akimina-kapilan-kadin-agir-yaralandi\/","title":{"rendered":"Eyy\u00fcbiye&#8217;de Elektrik Ak\u0131m\u0131na Kap\u0131lan Kad\u0131n A\u011f\u0131r Yaraland\u0131!"},"content":{"rendered":"\n<p><\/p>\n\n\n\n<p><strong>Eyy\u00fcbiye\u2019de bir kad\u0131n evinin dam\u0131nda elektrik ak\u0131m\u0131na kap\u0131lmas\u0131 sonucunda a\u011f\u0131r yaraland\u0131.<\/strong><\/p>\n\n\n\n<p>Olay Eyy\u00fcbiye il\u00e7esine ba\u011fl\u0131 Eyy\u00fcp Peygamber Caddesi ile Canl\u0131 Hayvan Pazar\u0131\u2019n\u0131 birbirine ba\u011flayan kav\u015fak civar\u0131nda meydana geldi.&nbsp;&nbsp;<\/p>\n\n\n\n<p>\u0130ddiaya g\u00f6re, evinin dam\u0131nda kald\u0131rd\u0131\u011f\u0131 demir borunun evin \u00fcst\u00fcnden ge\u00e7en y\u00fcksek gerilimli elektrik tellerine \u00e7arpan N.G, elektrik ak\u0131m\u0131na kap\u0131ld\u0131.<\/p>\n\n\n\n<p>Ailesinin ihbar\u0131 \u00fczerine olay yerine gelen sa\u011fl\u0131k ekiplerinin ilk m\u00fcdahalesinin ard\u0131ndan gen\u00e7 kad\u0131n \u015eanl\u0131urfa E\u011fitim ve Ara\u015ft\u0131rma Hastanesine kald\u0131r\u0131lan gen\u00e7 k\u0131z\u0131n durumunun a\u011f\u0131r oldu\u011fu \u00f6\u011frenildi.<\/p>\n","protected":false},"excerpt":{"rendered":"<p>Eyy\u00fcbiye\u2019de bir kad\u0131n evinin dam\u0131nda elektrik ak\u0131m\u0131na kap\u0131lmas\u0131 sonucunda a\u011f\u0131r yaraland\u0131. Olay Eyy\u00fcbiye il\u00e7esine ba\u011fl\u0131 Eyy\u00fcp&#46;&#46;&#46;<\/p>\n","protected":false},"author":2,"featured_media":5358,"comment_status":"open","ping_status":"open","sticky":false,"template":"","format":"standard","meta":{"inline_featured_image":false,"footnotes":""},"categories":[75],"tags":[1690,194,118,107],"manset":[],"class_list":["post-5356","post","type-post","status-publish","format-standard","has-post-thumbnail","hentry","category-asayis-haberleri","tag-eliktrik-akimi","tag-eyyubiye","tag-sanliurfa","tag-ub"],"_links":{"self":[{"href":"https:\/\/www.urfabugun.com\/index.php\/wp-json\/wp\/v2\/posts\/5356","targetHints":{"allow":["GET"]}}],"collection":[{"href":"https:\/\/www.urfabugun.com\/index.php\/wp-json\/wp\/v2\/posts"}],"about":[{"href":"https:\/\/www.urfabugun.com\/index.php\/wp-json\/wp\/v2\/types\/post"}],"author":[{"embeddable":true,"href":"https:\/\/www.urfabugun.com\/index.php\/wp-json\/wp\/v2\/users\/2"}],"replies":[{"embeddable":true,"href":"https:\/\/www.urfabugun.com\/index.php\/wp-json\/wp\/v2\/comments?post=5356"}],"version-history":[{"count":0,"href":"https:\/\/www.urfabugun.com\/index.php\/wp-json\/wp\/v2\/posts\/5356\/revisions"}],"wp:featuredmedia":[{"embeddable":true,"href":"https:\/\/www.urfabugun.com\/index.php\/wp-json\/wp\/v2\/media\/5358"}],"wp:attachment":[{"href":"https:\/\/www.urfabugun.com\/index.php\/wp-json\/wp\/v2\/media?parent=5356"}],"wp:term":[{"taxonomy":"category","embeddable":true,"href":"https:\/\/www.urfabugun.com\/index.php\/wp-json\/wp\/v2\/categories?post=5356"},{"taxonomy":"post_tag","embeddable":true,"href":"https:\/\/www.urfabugun.com\/index.php\/wp-json\/wp\/v2\/tags?post=5356"},{"taxonomy":"manset","embeddable":true,"href":"https:\/\/www.urfabugun.com\/index.php\/wp-json\/wp\/v2\/manset?post=5356"}],"curies":[{"name":"wp","href":"https:\/\/api.w.org\/{rel}","templated":true}]}}