{"id":5382,"date":"2023-05-04T14:52:09","date_gmt":"2023-05-04T11:52:09","guid":{"rendered":"https:\/\/www.urfabugun.com\/?p=5382"},"modified":"2023-05-04T14:52:15","modified_gmt":"2023-05-04T11:52:15","slug":"suriyenin-kuzeyinde-8-terorist-etkisiz-hale-getirildi","status":"publish","type":"post","link":"https:\/\/www.urfabugun.com\/index.php\/2023\/05\/04\/suriyenin-kuzeyinde-8-terorist-etkisiz-hale-getirildi\/","title":{"rendered":"Suriye\u2019nin Kuzeyinde 8 Ter\u00f6rist Etkisiz H\u00e2le Getirildi!"},"content":{"rendered":"\n<p><\/p>\n\n\n\n<p><strong>Milli Savunma Bakan\u0131 Hulusi Akar, \u201cSuriye\u2019nin kuzeyinde d\u00fcn ak\u015fam 8 ter\u00f6rist etkisiz hale getirildi. B\u00f6ylece son 10 g\u00fcn i\u00e7inde etkisiz hale getirilen ter\u00f6rist say\u0131s\u0131 50\u2019ye yakla\u015ft\u0131.\u201d dedi.<\/strong><\/p>\n\n\n\n<p>Bakan Hulusi Akar, \u201cTer\u00f6r\u00fc kayna\u011f\u0131nda yok etme\u201d anlay\u0131\u015f\u0131 ile operasyonlar\u0131n hem Irak\u2019\u0131n hem Suriye\u2019nin kuzeyinde kararl\u0131l\u0131kla s\u00fcrd\u00fc\u011f\u00fcn\u00fc s\u00f6yledi.<\/p>\n\n\n\n<p>Akar, \u201cIrak\u2019\u0131n kuzeyindeki ter\u00f6ristlere ait bar\u0131naklar, s\u0131\u011f\u0131naklar inler ter\u00f6ristlerin ba\u015flar\u0131na y\u0131k\u0131ld\u0131, y\u0131k\u0131lmaya devam ediyor. Biraz \u00f6nce ald\u0131\u011f\u0131m\u0131z habere g\u00f6re de Suriye\u2019nin kuzeyinde d\u00fcn ak\u015fam 8 ter\u00f6rist etkisiz hale getirildi. B\u00f6ylece son 10 g\u00fcn i\u00e7inde etkisiz hale getirilen ter\u00f6rist say\u0131s\u0131 50\u2019ye yakla\u015ft\u0131.\u201d ifadelerini kulland\u0131.<\/p>\n","protected":false},"excerpt":{"rendered":"<p>Milli Savunma Bakan\u0131 Hulusi Akar, \u201cSuriye\u2019nin kuzeyinde d\u00fcn ak\u015fam 8 ter\u00f6rist etkisiz hale getirildi. B\u00f6ylece son&#46;&#46;&#46;<\/p>\n","protected":false},"author":2,"featured_media":5384,"comment_status":"open","ping_status":"open","sticky":false,"template":"","format":"standard","meta":{"inline_featured_image":false,"footnotes":""},"categories":[75],"tags":[1045,118,131,652,107],"manset":[],"class_list":["post-5382","post","type-post","status-publish","format-standard","has-post-thumbnail","hentry","category-asayis-haberleri","tag-msb","tag-sanliurfa","tag-son-dakika","tag-suriye","tag-ub"],"_links":{"self":[{"href":"https:\/\/www.urfabugun.com\/index.php\/wp-json\/wp\/v2\/posts\/5382","targetHints":{"allow":["GET"]}}],"collection":[{"href":"https:\/\/www.urfabugun.com\/index.php\/wp-json\/wp\/v2\/posts"}],"about":[{"href":"https:\/\/www.urfabugun.com\/index.php\/wp-json\/wp\/v2\/types\/post"}],"author":[{"embeddable":true,"href":"https:\/\/www.urfabugun.com\/index.php\/wp-json\/wp\/v2\/users\/2"}],"replies":[{"embeddable":true,"href":"https:\/\/www.urfabugun.com\/index.php\/wp-json\/wp\/v2\/comments?post=5382"}],"version-history":[{"count":0,"href":"https:\/\/www.urfabugun.com\/index.php\/wp-json\/wp\/v2\/posts\/5382\/revisions"}],"wp:featuredmedia":[{"embeddable":true,"href":"https:\/\/www.urfabugun.com\/index.php\/wp-json\/wp\/v2\/media\/5384"}],"wp:attachment":[{"href":"https:\/\/www.urfabugun.com\/index.php\/wp-json\/wp\/v2\/media?parent=5382"}],"wp:term":[{"taxonomy":"category","embeddable":true,"href":"https:\/\/www.urfabugun.com\/index.php\/wp-json\/wp\/v2\/categories?post=5382"},{"taxonomy":"post_tag","embeddable":true,"href":"https:\/\/www.urfabugun.com\/index.php\/wp-json\/wp\/v2\/tags?post=5382"},{"taxonomy":"manset","embeddable":true,"href":"https:\/\/www.urfabugun.com\/index.php\/wp-json\/wp\/v2\/manset?post=5382"}],"curies":[{"name":"wp","href":"https:\/\/api.w.org\/{rel}","templated":true}]}}