{"id":5494,"date":"2023-05-07T09:35:59","date_gmt":"2023-05-07T06:35:59","guid":{"rendered":"https:\/\/www.urfabugun.com\/?p=5494"},"modified":"2023-05-07T09:36:58","modified_gmt":"2023-05-07T06:36:58","slug":"cumhurbaskani-erdogandan-kucuk-esnafa-mujde-prim-destegi","status":"publish","type":"post","link":"https:\/\/www.urfabugun.com\/index.php\/2023\/05\/07\/cumhurbaskani-erdogandan-kucuk-esnafa-mujde-prim-destegi\/","title":{"rendered":"Cumhurba\u015fkan\u0131 Erdo\u011fan\u2019dan K\u00fc\u00e7\u00fck Esnafa M\u00fcjde: Prim Deste\u011fi!"},"content":{"rendered":"\n<p><\/p>\n\n\n\n<p><strong>Cumhurba\u015fkan\u0131 Erdo\u011fan, \u201cK\u00fc\u00e7\u00fck esnaf\u0131m\u0131z\u0131n prim \u00f6deme g\u00fcn say\u0131s\u0131n\u0131 SGK\u2019l\u0131larla e\u015fitleyerek 7200 g\u00fcne indiriyoruz. Bu \u00e7al\u0131\u015fmadan 1 milyon k\u00fc\u00e7\u00fck esnaf faydalanacak.\u201d ifadelerini kulland\u0131.<\/strong><\/p>\n\n\n\n<p>Kayseri Cumhuriyet Meydan\u0131\u2019nda d\u00fczenlenen mitingde halka hitap eden Cumhurba\u015fkan\u0131 Erdo\u011fan, Kuaf\u00f6r, manav, bakkal, tesisat\u00e7\u0131, pazarc\u0131 gibi k\u00fc\u00e7\u00fck esnaflara da bir m\u00fcjde vermek istedi\u011fini dile getirdi.<\/p>\n\n\n\n<p>Erdo\u011fan, \u201cK\u00fc\u00e7\u00fck esnaflar\u0131m\u0131z\u0131n prim \u00f6deme g\u00fcn say\u0131s\u0131n\u0131 SSK\u2019l\u0131larla e\u015fitleyerek 7200 g\u00fcne indiriyoruz. Yeni d\u00f6nemde yapaca\u011f\u0131m\u0131z ilk i\u015flerden biri olacak bu \u00e7al\u0131\u015fmadan in\u015fallah 1 milyon k\u00fc\u00e7\u00fck esnaf\u0131m\u0131z faydalanacak. T\u00fcm esnaf karde\u015flerimize hay\u0131rl\u0131 olsun diyorum. Biz sadece eser ve hizmet siyaseti yapm\u0131yoruz. Bizim \u00fclkemize kazand\u0131racak daha \u00e7ok eserimiz, milletimize verecek daha \u00e7ok m\u00fcjdemiz var.\u201d ifadelerini kulland\u0131.<\/p>\n","protected":false},"excerpt":{"rendered":"<p>Cumhurba\u015fkan\u0131 Erdo\u011fan, \u201cK\u00fc\u00e7\u00fck esnaf\u0131m\u0131z\u0131n prim \u00f6deme g\u00fcn say\u0131s\u0131n\u0131 SGK\u2019l\u0131larla e\u015fitleyerek 7200 g\u00fcne indiriyoruz. Bu \u00e7al\u0131\u015fmadan 1&#46;&#46;&#46;<\/p>\n","protected":false},"author":2,"featured_media":5496,"comment_status":"open","ping_status":"open","sticky":false,"template":"","format":"standard","meta":{"inline_featured_image":false,"footnotes":""},"categories":[82],"tags":[345,255,174,107],"manset":[],"class_list":["post-5494","post","type-post","status-publish","format-standard","has-post-thumbnail","hentry","category-gundem-haberleri","tag-cumhurbaskani-recep-tayyip-erdogan","tag-esnaf","tag-mujde","tag-ub"],"_links":{"self":[{"href":"https:\/\/www.urfabugun.com\/index.php\/wp-json\/wp\/v2\/posts\/5494","targetHints":{"allow":["GET"]}}],"collection":[{"href":"https:\/\/www.urfabugun.com\/index.php\/wp-json\/wp\/v2\/posts"}],"about":[{"href":"https:\/\/www.urfabugun.com\/index.php\/wp-json\/wp\/v2\/types\/post"}],"author":[{"embeddable":true,"href":"https:\/\/www.urfabugun.com\/index.php\/wp-json\/wp\/v2\/users\/2"}],"replies":[{"embeddable":true,"href":"https:\/\/www.urfabugun.com\/index.php\/wp-json\/wp\/v2\/comments?post=5494"}],"version-history":[{"count":0,"href":"https:\/\/www.urfabugun.com\/index.php\/wp-json\/wp\/v2\/posts\/5494\/revisions"}],"wp:featuredmedia":[{"embeddable":true,"href":"https:\/\/www.urfabugun.com\/index.php\/wp-json\/wp\/v2\/media\/5496"}],"wp:attachment":[{"href":"https:\/\/www.urfabugun.com\/index.php\/wp-json\/wp\/v2\/media?parent=5494"}],"wp:term":[{"taxonomy":"category","embeddable":true,"href":"https:\/\/www.urfabugun.com\/index.php\/wp-json\/wp\/v2\/categories?post=5494"},{"taxonomy":"post_tag","embeddable":true,"href":"https:\/\/www.urfabugun.com\/index.php\/wp-json\/wp\/v2\/tags?post=5494"},{"taxonomy":"manset","embeddable":true,"href":"https:\/\/www.urfabugun.com\/index.php\/wp-json\/wp\/v2\/manset?post=5494"}],"curies":[{"name":"wp","href":"https:\/\/api.w.org\/{rel}","templated":true}]}}