{"id":5520,"date":"2023-05-08T10:49:12","date_gmt":"2023-05-08T07:49:12","guid":{"rendered":"https:\/\/www.urfabugun.com\/?p=5520"},"modified":"2023-05-08T10:49:18","modified_gmt":"2023-05-08T07:49:18","slug":"buyuk-mujde-45-bin-ogretmen-atamasi-bugun-yapilacak","status":"publish","type":"post","link":"https:\/\/www.urfabugun.com\/index.php\/2023\/05\/08\/buyuk-mujde-45-bin-ogretmen-atamasi-bugun-yapilacak\/","title":{"rendered":"B\u00fcy\u00fck M\u00fcjde: 45 Bin \u00d6\u011fretmen Atamas\u0131 Bug\u00fcn Yap\u0131lacak!"},"content":{"rendered":"\n<p><\/p>\n\n\n\n<p><strong>20 y\u0131l\u0131n en b\u00fcy\u00fck \u00f6\u011fretmen atamas\u0131 bug\u00fcn yap\u0131lacak. 103 bran\u015ftan 45 bin \u00f6\u011fretmen atanacak. Cumhurba\u015fkan\u0131 Erdo\u011fan, atama t\u00f6reninde \u00f6\u011fretmenlere hitap edecek.<\/strong><\/p>\n\n\n\n<p>\u00d6\u011fretmen adaylar\u0131 i\u00e7in yeni bir heyecan ya\u015fanacak. Milli E\u011fitim Bakanl\u0131\u011f\u0131, 103 bran\u015fta 45 bin \u00f6\u011fretmenin atamas\u0131n\u0131 yapacak.<\/p>\n\n\n\n<p>Milli E\u011fitim Bakan\u0131 Mahmut \u00d6zer, atamayla ilgili tek seferde yap\u0131lan en y\u00fcksek atama oldu\u011funu vurgulad\u0131.<\/p>\n\n\n\n<p>\u00d6zer, \u201cYine tek seferde en y\u00fcksek say\u0131da \u00f6\u011fretmen atamas\u0131 yani 45 bin \u00f6\u011fretmen atamas\u0131n\u0131 da yar\u0131n itibariyle ger\u00e7ekle\u015ftirece\u011fiz. \u0130stanbul\u2019da Say\u0131n Cumhurba\u015fkan\u0131m\u0131z\u0131n te\u015frifleriyle 45 bin \u00f6\u011fretmen atamas\u0131 ger\u00e7ekle\u015ftirece\u011fiz. Bu da son y\u0131llardaki tek seferde en y\u00fcksek \u00f6\u011fretmen atamas\u0131. Bu atamalarda a\u011f\u0131rl\u0131\u011f\u0131 deprem b\u00f6lgesine veriyoruz, yakla\u015f\u0131k y\u00fczde ellisini\u2026\u201d de\u011ferlendirmesinde bulundu.<\/p>\n","protected":false},"excerpt":{"rendered":"<p>20 y\u0131l\u0131n en b\u00fcy\u00fck \u00f6\u011fretmen atamas\u0131 bug\u00fcn yap\u0131lacak. 103 bran\u015ftan 45 bin \u00f6\u011fretmen atanacak. Cumhurba\u015fkan\u0131 Erdo\u011fan,&#46;&#46;&#46;<\/p>\n","protected":false},"author":2,"featured_media":5522,"comment_status":"open","ping_status":"open","sticky":false,"template":"","format":"standard","meta":{"inline_featured_image":false,"footnotes":""},"categories":[82],"tags":[217,1718,118,131,107],"manset":[],"class_list":["post-5520","post","type-post","status-publish","format-standard","has-post-thumbnail","hentry","category-gundem-haberleri","tag-atama","tag-ogretmen-2","tag-sanliurfa","tag-son-dakika","tag-ub"],"_links":{"self":[{"href":"https:\/\/www.urfabugun.com\/index.php\/wp-json\/wp\/v2\/posts\/5520","targetHints":{"allow":["GET"]}}],"collection":[{"href":"https:\/\/www.urfabugun.com\/index.php\/wp-json\/wp\/v2\/posts"}],"about":[{"href":"https:\/\/www.urfabugun.com\/index.php\/wp-json\/wp\/v2\/types\/post"}],"author":[{"embeddable":true,"href":"https:\/\/www.urfabugun.com\/index.php\/wp-json\/wp\/v2\/users\/2"}],"replies":[{"embeddable":true,"href":"https:\/\/www.urfabugun.com\/index.php\/wp-json\/wp\/v2\/comments?post=5520"}],"version-history":[{"count":0,"href":"https:\/\/www.urfabugun.com\/index.php\/wp-json\/wp\/v2\/posts\/5520\/revisions"}],"wp:featuredmedia":[{"embeddable":true,"href":"https:\/\/www.urfabugun.com\/index.php\/wp-json\/wp\/v2\/media\/5522"}],"wp:attachment":[{"href":"https:\/\/www.urfabugun.com\/index.php\/wp-json\/wp\/v2\/media?parent=5520"}],"wp:term":[{"taxonomy":"category","embeddable":true,"href":"https:\/\/www.urfabugun.com\/index.php\/wp-json\/wp\/v2\/categories?post=5520"},{"taxonomy":"post_tag","embeddable":true,"href":"https:\/\/www.urfabugun.com\/index.php\/wp-json\/wp\/v2\/tags?post=5520"},{"taxonomy":"manset","embeddable":true,"href":"https:\/\/www.urfabugun.com\/index.php\/wp-json\/wp\/v2\/manset?post=5520"}],"curies":[{"name":"wp","href":"https:\/\/api.w.org\/{rel}","templated":true}]}}