{"id":5524,"date":"2023-05-08T11:02:45","date_gmt":"2023-05-08T08:02:45","guid":{"rendered":"https:\/\/www.urfabugun.com\/?p=5524"},"modified":"2023-05-08T11:02:52","modified_gmt":"2023-05-08T08:02:52","slug":"hafta-sonu-sanliurfada-neler-oldu-kayiplar-kazalar-bogulmalar","status":"publish","type":"post","link":"https:\/\/www.urfabugun.com\/index.php\/2023\/05\/08\/hafta-sonu-sanliurfada-neler-oldu-kayiplar-kazalar-bogulmalar\/","title":{"rendered":"Hafta Sonu \u015eanl\u0131urfa\u2019da Neler Oldu? Kay\u0131plar, Kazalar, Bo\u011fulmalar\u2026"},"content":{"rendered":"\n<p><\/p>\n\n\n\n<p><strong>\u015eanl\u0131urfa\u2019da hafta sonu meydana gelen kazalar, bo\u011fulmalar ve 13 ya\u015f grubundaki 3 \u00e7ocu\u011fun ortadan kaybolmas\u0131 \u015eanl\u0131urfa\u2019da neler oluyor dedirtti.<\/strong><\/p>\n\n\n\n<p>Hafta sonu \u015eanl\u0131urfa\u2019da 13 ya\u015f grubundaki gen\u00e7lerin ans\u0131z\u0131n ortadan kaybolmas\u0131, \u00fcst \u00fcste ara\u00e7lar\u0131n kanala u\u00e7mas\u0131 ve \u00f6l\u00fcmle sonu\u00e7lanan trafik kazalar\u0131! \u0130\u015fte \u015eanl\u0131urfa\u2019n\u0131n hafta sonu bilan\u00e7osu\u2026<\/p>\n\n\n\n<p><strong>14 YA\u015eINDAK\u0130 2 \u00c7OCUK KAYIP!<\/strong><\/p>\n\n\n\n<p>\u015eanl\u0131urfa\u2019da ik\u00e2met eden 14 ya\u015flar\u0131ndaki Ahmet Serhat Kurt ve arkada\u015f\u0131 Mehmet F\u0131rat Tun\u00e7, e\u011fitim g\u00f6rd\u00fckleri Zeytin Dal\u0131 E\u011fitim Kamp\u00fcs\u00fc Necmettin Erbakan Anadolu Lisesi\u2019nden \u00e7\u0131kt\u0131ktan sonra evlerine d\u00f6nmediler. Arama \u00e7al\u0131\u015fmalar\u0131 devam ediyor.<\/p>\n\n\n\n<p><strong>13 YA\u015eINDAK\u0130 \u0130LAYDA KAYIP!<\/strong><\/p>\n\n\n\n<p>Eyy\u00fcbiye il\u00e7esi 15 Temmuz Mahallesi\u2019nde ik\u00e2met eden 13 ya\u015f\u0131ndaki \u0130layda, evden \u00e7\u0131kt\u0131ktan sonra geri d\u00f6nmedi. Arama \u00e7al\u0131\u015fmalar\u0131 devam ediyor.<\/p>\n\n\n\n<p><strong>ARA\u00c7 SULAMA KANALINA DEVR\u0130LD\u0130!<\/strong><\/p>\n\n\n\n<p>\u015eanl\u0131urfa&#8217;n\u0131n Bozova il\u00e7esinde otomobilin sulama kanal\u0131na devrilmesi sonucu 2 ki\u015fi hayat\u0131n\u0131 kaybetti. 1 Ki\u015fi kay\u0131p, 1 ki\u015fi ise yaral\u0131 olarak kurtuldu. Olayla ilgili soru\u015fturma devam ediyor.<\/p>\n\n\n\n<p><strong>HAL\u0130L\u0130YE\u2019DE OTOMOB\u0130L KANALA U\u00c7TU!<\/strong><\/p>\n\n\n\n<p>Hasan \u00c7etin y\u00f6netimindeki 31 B 7008 plakal\u0131 otomobil, merkez Haliliye il\u00e7esi Uluba\u011f Mahallesi yak\u0131nlar\u0131nda kanala d\u00fc\u015ft\u00fc. 5\u2019i \u00e7ocuk 6 ki\u015finin bulundu\u011fu otomobilin sulama kanal\u0131na d\u00fc\u015fmesi sonucu anne ve 5 \u00e7ocu\u011fu hayat\u0131n\u0131 kaybetti. Olayla ilgili soru\u015fturma devam ediyor.<\/p>\n\n\n\n<p><strong>EYY\u00dcB\u0130YE\u2019DE TRAF\u0130K KAZASI: 5 YARALI!<\/strong><\/p>\n\n\n\n<p>Eyy\u00fcbiye il\u00e7esinin U\u011furlu Mahallesinde iki otomobilin \u00e7arp\u0131\u015fmas\u0131 sonucu 5 ki\u015fi yaralanarak hastaneye kald\u0131r\u0131ld\u0131.<\/p>\n\n\n\n<p><strong>KARAK\u00d6PR\u00dc\u2019DE Z\u0130NC\u0130RLEME KAZA!<\/strong><\/p>\n\n\n\n<p>\u015eanl\u0131urfa-Diyarbak\u0131r kara yolunun kent giri\u015finde 5 otomobilin kar\u0131\u015ft\u0131\u011f\u0131 zincirleme trafik kazas\u0131nda 6 ki\u015fi yaraland\u0131.<\/p>\n\n\n\n<p><strong>KAMYONET VE TIR \u00c7ARPI\u015eTI: 6 K\u0130\u015e\u0130 HAYATINI KAYBETT\u0130!<\/strong><\/p>\n\n\n\n<p>\u015eanl\u0131urfa-Gaziantep kara yolunda kamyonetle t\u0131r\u0131n \u00e7arp\u0131\u015fmas\u0131 sonucu 6 ki\u015fi hayat\u0131n\u0131 kaybetti.<\/p>\n\n\n\n<p><strong>EYY\u00dcB\u0130YE KUYUBA\u015eI KAV\u015eA\u011eI\u2019NDA OTOMOB\u0130L REF\u00dcJE \u00c7IKTI!<\/strong><\/p>\n\n\n\n<p>Eyy\u00fcbiye il\u00e7esine ba\u011fl\u0131 Kuyuba\u015f\u0131 Kav\u015fa\u011f\u0131\u2019nda s\u00fcr\u00fcc\u00fcs\u00fcn\u00fcn direksiyon h\u00e2kimiyetini kaybetmesi sonucu hafif ticari ara\u00e7 ref\u00fcje \u00e7\u0131kt\u0131 ve yan yatt\u0131. Kazada \u015fans eseri \u00f6len veya yaralanan olmad\u0131.<\/p>\n","protected":false},"excerpt":{"rendered":"<p>\u015eanl\u0131urfa\u2019da hafta sonu meydana gelen kazalar, bo\u011fulmalar ve 13 ya\u015f grubundaki 3 \u00e7ocu\u011fun ortadan kaybolmas\u0131 \u015eanl\u0131urfa\u2019da&#46;&#46;&#46;<\/p>\n","protected":false},"author":2,"featured_media":5526,"comment_status":"open","ping_status":"open","sticky":false,"template":"","format":"standard","meta":{"inline_featured_image":false,"footnotes":""},"categories":[82],"tags":[184,1719,1708,228,118,131,107,608,93],"manset":[],"class_list":["post-5524","post","type-post","status-publish","format-standard","has-post-thumbnail","hentry","category-gundem-haberleri","tag-asayis","tag-bogulma","tag-kayip","tag-kaza","tag-sanliurfa","tag-son-dakika","tag-ub","tag-urfa-bugun","tag-ust"],"_links":{"self":[{"href":"https:\/\/www.urfabugun.com\/index.php\/wp-json\/wp\/v2\/posts\/5524","targetHints":{"allow":["GET"]}}],"collection":[{"href":"https:\/\/www.urfabugun.com\/index.php\/wp-json\/wp\/v2\/posts"}],"about":[{"href":"https:\/\/www.urfabugun.com\/index.php\/wp-json\/wp\/v2\/types\/post"}],"author":[{"embeddable":true,"href":"https:\/\/www.urfabugun.com\/index.php\/wp-json\/wp\/v2\/users\/2"}],"replies":[{"embeddable":true,"href":"https:\/\/www.urfabugun.com\/index.php\/wp-json\/wp\/v2\/comments?post=5524"}],"version-history":[{"count":0,"href":"https:\/\/www.urfabugun.com\/index.php\/wp-json\/wp\/v2\/posts\/5524\/revisions"}],"wp:featuredmedia":[{"embeddable":true,"href":"https:\/\/www.urfabugun.com\/index.php\/wp-json\/wp\/v2\/media\/5526"}],"wp:attachment":[{"href":"https:\/\/www.urfabugun.com\/index.php\/wp-json\/wp\/v2\/media?parent=5524"}],"wp:term":[{"taxonomy":"category","embeddable":true,"href":"https:\/\/www.urfabugun.com\/index.php\/wp-json\/wp\/v2\/categories?post=5524"},{"taxonomy":"post_tag","embeddable":true,"href":"https:\/\/www.urfabugun.com\/index.php\/wp-json\/wp\/v2\/tags?post=5524"},{"taxonomy":"manset","embeddable":true,"href":"https:\/\/www.urfabugun.com\/index.php\/wp-json\/wp\/v2\/manset?post=5524"}],"curies":[{"name":"wp","href":"https:\/\/api.w.org\/{rel}","templated":true}]}}