{"id":5555,"date":"2023-05-09T08:18:10","date_gmt":"2023-05-09T05:18:10","guid":{"rendered":"https:\/\/www.urfabugun.com\/?p=5555"},"modified":"2023-05-09T14:04:30","modified_gmt":"2023-05-09T11:04:30","slug":"sanliurfada-iki-otomobil-cargisti2-olu-2-yarali","status":"publish","type":"post","link":"https:\/\/www.urfabugun.com\/index.php\/2023\/05\/09\/sanliurfada-iki-otomobil-cargisti2-olu-2-yarali\/","title":{"rendered":"\u015eanl\u0131urfa\u2019da \u0130ki Otomobil \u00c7arp\u0131\u015ft\u0131:2 \u00d6l\u00fc, 2 Yaral\u0131!"},"content":{"rendered":"\n<p><\/p>\n\n\n\n<p><strong>\u015eanl\u0131urfa&#8217;da iki otomobilin \u00e7arp\u0131\u015fmas\u0131 sonucu 2 ki\u015fi hayat\u0131n\u0131 kaybetti, 2 ki\u015fi yaraland\u0131.<\/strong><\/p>\n\n\n\n<p>Nahit Da\u011fdelen idaresindeki 05 EE 726 plakal\u0131 otomobil, \u015eanl\u0131urfa-Gaziantep kara yolunun 25. kilometresinde kar\u015f\u0131 y\u00f6nden gelen Mahmut Keskin y\u00f6netimindeki 27 E 2016 plakal\u0131 otomobille \u00e7arp\u0131\u015ft\u0131.<\/p>\n\n\n\n<p>Olay yerine \u00e7ok say\u0131da polis, sa\u011fl\u0131k ve itfaiye ekibi sevk edildi. Kazada otomobil s\u00fcr\u00fcc\u00fcleri Mahmut Keskin ve Nahit Da\u011fdelen ile yolcu olarak bulunan Oru\u00e7 ve Umut Da\u011fdelen yaraland\u0131.<\/p>\n\n\n\n<p>Suru\u00e7 Devlet Hastanesi\u2019ne kald\u0131r\u0131lan yaral\u0131lardan Mahmut Keskin ile Oru\u00e7 Da\u011fdelen, m\u00fcdahaleye kar\u015f\u0131n kurtar\u0131lamad\u0131.<\/p>\n\n\n\n<p>2 yaral\u0131n\u0131n tedavisi ise s\u00fcr\u00fcyor.<\/p>\n","protected":false},"excerpt":{"rendered":"<p>\u015eanl\u0131urfa&#8217;da iki otomobilin \u00e7arp\u0131\u015fmas\u0131 sonucu 2 ki\u015fi hayat\u0131n\u0131 kaybetti, 2 ki\u015fi yaraland\u0131. Nahit Da\u011fdelen idaresindeki 05&#46;&#46;&#46;<\/p>\n","protected":false},"author":2,"featured_media":5557,"comment_status":"open","ping_status":"open","sticky":false,"template":"","format":"standard","meta":{"inline_featured_image":false,"footnotes":""},"categories":[75],"tags":[118,131,107],"manset":[],"class_list":["post-5555","post","type-post","status-publish","format-standard","has-post-thumbnail","hentry","category-asayis-haberleri","tag-sanliurfa","tag-son-dakika","tag-ub"],"_links":{"self":[{"href":"https:\/\/www.urfabugun.com\/index.php\/wp-json\/wp\/v2\/posts\/5555","targetHints":{"allow":["GET"]}}],"collection":[{"href":"https:\/\/www.urfabugun.com\/index.php\/wp-json\/wp\/v2\/posts"}],"about":[{"href":"https:\/\/www.urfabugun.com\/index.php\/wp-json\/wp\/v2\/types\/post"}],"author":[{"embeddable":true,"href":"https:\/\/www.urfabugun.com\/index.php\/wp-json\/wp\/v2\/users\/2"}],"replies":[{"embeddable":true,"href":"https:\/\/www.urfabugun.com\/index.php\/wp-json\/wp\/v2\/comments?post=5555"}],"version-history":[{"count":0,"href":"https:\/\/www.urfabugun.com\/index.php\/wp-json\/wp\/v2\/posts\/5555\/revisions"}],"wp:featuredmedia":[{"embeddable":true,"href":"https:\/\/www.urfabugun.com\/index.php\/wp-json\/wp\/v2\/media\/5557"}],"wp:attachment":[{"href":"https:\/\/www.urfabugun.com\/index.php\/wp-json\/wp\/v2\/media?parent=5555"}],"wp:term":[{"taxonomy":"category","embeddable":true,"href":"https:\/\/www.urfabugun.com\/index.php\/wp-json\/wp\/v2\/categories?post=5555"},{"taxonomy":"post_tag","embeddable":true,"href":"https:\/\/www.urfabugun.com\/index.php\/wp-json\/wp\/v2\/tags?post=5555"},{"taxonomy":"manset","embeddable":true,"href":"https:\/\/www.urfabugun.com\/index.php\/wp-json\/wp\/v2\/manset?post=5555"}],"curies":[{"name":"wp","href":"https:\/\/api.w.org\/{rel}","templated":true}]}}