{"id":5568,"date":"2023-05-09T10:19:31","date_gmt":"2023-05-09T07:19:31","guid":{"rendered":"https:\/\/www.urfabugun.com\/?p=5568"},"modified":"2023-05-09T10:19:38","modified_gmt":"2023-05-09T07:19:38","slug":"twitter-aktif-olmayan-hesaplari-kaldiriyor-takipci-sayiniz-dusebilir","status":"publish","type":"post","link":"https:\/\/www.urfabugun.com\/index.php\/2023\/05\/09\/twitter-aktif-olmayan-hesaplari-kaldiriyor-takipci-sayiniz-dusebilir\/","title":{"rendered":"Twitter Aktif Olmayan Hesaplar\u0131 Kald\u0131r\u0131yor: Takip\u00e7i Say\u0131n\u0131z D\u00fc\u015febilir!"},"content":{"rendered":"\n<p><\/p>\n\n\n\n<p><strong>Birka\u00e7 y\u0131ld\u0131r etkin olmayan hesaplar\u0131n sosyal medya platformundan kald\u0131r\u0131laca\u011f\u0131n\u0131 duyuran Twitter CEO&#8217;su Elon Musk, &#8220;Muhtemelen takip\u00e7i say\u0131s\u0131nda d\u00fc\u015f\u00fc\u015f g\u00f6receksiniz&#8221; dedi.<\/strong><\/p>\n\n\n\n<p>Tesla ve SpaceX&#8217;in de sahibi olan Twitter CEO&#8217;su Elon Musk, birka\u00e7 y\u0131ld\u0131r etkin olmayan hesaplar\u0131n sosyal medya platformundan kald\u0131r\u0131laca\u011f\u0131n\u0131 a\u00e7\u0131klad\u0131.<\/p>\n\n\n\n<p>Twitter hesab\u0131ndan konuya ili\u015fkin payla\u015f\u0131mda bulunarak birka\u00e7 y\u0131ld\u0131r etkin olmayan hesaplar\u0131 temizleyeceklerini belirten Musk, &#8220;Bu nedenle muhtemelen takip\u00e7i say\u0131s\u0131nda d\u00fc\u015f\u00fc\u015f g\u00f6receksiniz&#8221; ifadesini kulland\u0131.<\/p>\n\n\n\n<p>Twitter&#8217;\u0131n politikas\u0131na g\u00f6re kullan\u0131c\u0131lar\u0131n hesaplar\u0131n\u0131n etkinli\u011fini korumak i\u00e7in en az 30 g\u00fcnde bir giri\u015f yapmalar\u0131 gerekiyor.<\/p>\n","protected":false},"excerpt":{"rendered":"<p>Birka\u00e7 y\u0131ld\u0131r etkin olmayan hesaplar\u0131n sosyal medya platformundan kald\u0131r\u0131laca\u011f\u0131n\u0131 duyuran Twitter CEO&#8217;su Elon Musk, &#8220;Muhtemelen takip\u00e7i&#46;&#46;&#46;<\/p>\n","protected":false},"author":2,"featured_media":5570,"comment_status":"open","ping_status":"open","sticky":false,"template":"","format":"standard","meta":{"inline_featured_image":false,"footnotes":""},"categories":[76],"tags":[131,147,1724,1243,107],"manset":[],"class_list":["post-5568","post","type-post","status-publish","format-standard","has-post-thumbnail","hentry","category-bilim-teknoloji-haberleri","tag-son-dakika","tag-sosyal-medya","tag-takipci","tag-twitter","tag-ub"],"_links":{"self":[{"href":"https:\/\/www.urfabugun.com\/index.php\/wp-json\/wp\/v2\/posts\/5568","targetHints":{"allow":["GET"]}}],"collection":[{"href":"https:\/\/www.urfabugun.com\/index.php\/wp-json\/wp\/v2\/posts"}],"about":[{"href":"https:\/\/www.urfabugun.com\/index.php\/wp-json\/wp\/v2\/types\/post"}],"author":[{"embeddable":true,"href":"https:\/\/www.urfabugun.com\/index.php\/wp-json\/wp\/v2\/users\/2"}],"replies":[{"embeddable":true,"href":"https:\/\/www.urfabugun.com\/index.php\/wp-json\/wp\/v2\/comments?post=5568"}],"version-history":[{"count":0,"href":"https:\/\/www.urfabugun.com\/index.php\/wp-json\/wp\/v2\/posts\/5568\/revisions"}],"wp:featuredmedia":[{"embeddable":true,"href":"https:\/\/www.urfabugun.com\/index.php\/wp-json\/wp\/v2\/media\/5570"}],"wp:attachment":[{"href":"https:\/\/www.urfabugun.com\/index.php\/wp-json\/wp\/v2\/media?parent=5568"}],"wp:term":[{"taxonomy":"category","embeddable":true,"href":"https:\/\/www.urfabugun.com\/index.php\/wp-json\/wp\/v2\/categories?post=5568"},{"taxonomy":"post_tag","embeddable":true,"href":"https:\/\/www.urfabugun.com\/index.php\/wp-json\/wp\/v2\/tags?post=5568"},{"taxonomy":"manset","embeddable":true,"href":"https:\/\/www.urfabugun.com\/index.php\/wp-json\/wp\/v2\/manset?post=5568"}],"curies":[{"name":"wp","href":"https:\/\/api.w.org\/{rel}","templated":true}]}}