{"id":5587,"date":"2023-05-09T14:13:51","date_gmt":"2023-05-09T11:13:51","guid":{"rendered":"https:\/\/www.urfabugun.com\/?p=5587"},"modified":"2023-05-09T14:13:58","modified_gmt":"2023-05-09T11:13:58","slug":"sanliurfada-depremzedelere-ucretsiz-ulasim-suresi-3-ay-uzatildi","status":"publish","type":"post","link":"https:\/\/www.urfabugun.com\/index.php\/2023\/05\/09\/sanliurfada-depremzedelere-ucretsiz-ulasim-suresi-3-ay-uzatildi\/","title":{"rendered":"\u015eanl\u0131urfa\u2019da Depremzedelere \u00dccretsiz Ula\u015f\u0131m S\u00fcresi 3 Ay Uzat\u0131ld\u0131!"},"content":{"rendered":"\n<p><\/p>\n\n\n\n<p><strong>\u015eanl\u0131urfa B\u00fcy\u00fck\u015fehir Belediyesi, deprem felaketinden etkilenen vatanda\u015flara y\u00f6nelik d\u00fczenledi\u011fi \u00fccretsiz ula\u015f\u0131m kolayl\u0131\u011f\u0131n\u0131 3 ay daha uzatt\u0131. Vatanda\u015flar otob\u00fcs kartlar\u0131n\u0131 g\u00fcncelleyerek kullanabilecekler.<\/strong><\/p>\n\n\n\n<p>6 \u015eubat\u2019ta meydana gelen deprem felaketinden etkilenen vatanda\u015flara y\u00f6nelik \u015eanl\u0131urfa B\u00fcy\u00fck\u015fehir Belediyesi taraf\u0131ndan ba\u015flat\u0131lan \u00fccretsiz ula\u015f\u0131m kolayl\u0131\u011f\u0131 3 ay s\u00fcreyle uzat\u0131ld\u0131.<\/p>\n\n\n\n<p>\u015eanl\u0131urfa B\u00fcy\u00fck\u015fehir Belediye Ba\u015fkan\u0131 Zeynel Abidin Beyazg\u00fcl\u2019\u00fcn talimatlar\u0131yla ba\u015flat\u0131lan uygulama kapsam\u0131nda depremden etkilenen vatanda\u015flara \u00fccretsiz ula\u015f\u0131m kolayl\u0131\u011f\u0131 sa\u011fland\u0131. \u00dccretsiz ula\u015f\u0131m kart s\u00fcresi tamamlanan vatanda\u015flar\u0131n ma\u011fdur olmamas\u0131 i\u00e7in s\u00fcre 3 ay daha uzat\u0131ld\u0131.<\/p>\n\n\n\n<p>\u00dccretsiz otob\u00fcs kart\u0131na sahip olan vatanda\u015flar URFA Kart Dolum merkezlerinde kartlar\u0131n\u0131 g\u00fcncelleyerek yeniden kullanabilecekler.<\/p>\n","protected":false},"excerpt":{"rendered":"<p>\u015eanl\u0131urfa B\u00fcy\u00fck\u015fehir Belediyesi, deprem felaketinden etkilenen vatanda\u015flara y\u00f6nelik d\u00fczenledi\u011fi \u00fccretsiz ula\u015f\u0131m kolayl\u0131\u011f\u0131n\u0131 3 ay daha uzatt\u0131.&#46;&#46;&#46;<\/p>\n","protected":false},"author":2,"featured_media":5589,"comment_status":"open","ping_status":"open","sticky":false,"template":"","format":"standard","meta":{"inline_featured_image":false,"footnotes":""},"categories":[82],"tags":[408,1497,118,131,107,1590,608],"manset":[],"class_list":["post-5587","post","type-post","status-publish","format-standard","has-post-thumbnail","hentry","category-gundem-haberleri","tag-depremzede","tag-otobus","tag-sanliurfa","tag-son-dakika","tag-ub","tag-ucretsiz","tag-urfa-bugun"],"_links":{"self":[{"href":"https:\/\/www.urfabugun.com\/index.php\/wp-json\/wp\/v2\/posts\/5587","targetHints":{"allow":["GET"]}}],"collection":[{"href":"https:\/\/www.urfabugun.com\/index.php\/wp-json\/wp\/v2\/posts"}],"about":[{"href":"https:\/\/www.urfabugun.com\/index.php\/wp-json\/wp\/v2\/types\/post"}],"author":[{"embeddable":true,"href":"https:\/\/www.urfabugun.com\/index.php\/wp-json\/wp\/v2\/users\/2"}],"replies":[{"embeddable":true,"href":"https:\/\/www.urfabugun.com\/index.php\/wp-json\/wp\/v2\/comments?post=5587"}],"version-history":[{"count":0,"href":"https:\/\/www.urfabugun.com\/index.php\/wp-json\/wp\/v2\/posts\/5587\/revisions"}],"wp:featuredmedia":[{"embeddable":true,"href":"https:\/\/www.urfabugun.com\/index.php\/wp-json\/wp\/v2\/media\/5589"}],"wp:attachment":[{"href":"https:\/\/www.urfabugun.com\/index.php\/wp-json\/wp\/v2\/media?parent=5587"}],"wp:term":[{"taxonomy":"category","embeddable":true,"href":"https:\/\/www.urfabugun.com\/index.php\/wp-json\/wp\/v2\/categories?post=5587"},{"taxonomy":"post_tag","embeddable":true,"href":"https:\/\/www.urfabugun.com\/index.php\/wp-json\/wp\/v2\/tags?post=5587"},{"taxonomy":"manset","embeddable":true,"href":"https:\/\/www.urfabugun.com\/index.php\/wp-json\/wp\/v2\/manset?post=5587"}],"curies":[{"name":"wp","href":"https:\/\/api.w.org\/{rel}","templated":true}]}}