{"id":5701,"date":"2023-05-12T11:27:49","date_gmt":"2023-05-12T08:27:49","guid":{"rendered":"https:\/\/www.urfabugun.com\/?p=5701"},"modified":"2023-05-12T11:27:55","modified_gmt":"2023-05-12T08:27:55","slug":"sanliurfada-agir-hasar-goren-63-okul-yeniden-yapilacak","status":"publish","type":"post","link":"https:\/\/www.urfabugun.com\/index.php\/2023\/05\/12\/sanliurfada-agir-hasar-goren-63-okul-yeniden-yapilacak\/","title":{"rendered":"\u015eanl\u0131urfa\u2019da A\u011f\u0131r Hasar G\u00f6ren 63 Okul Yeniden Yap\u0131lacak!"},"content":{"rendered":"\n<p><\/p>\n\n\n\n<p><strong>Kahramanmara\u015f merkezli depremlerden etkilenen \u015eanl\u0131urfa\u2019da y\u0131k\u0131m\u0131na karar verilen a\u011f\u0131r hasarl\u0131 63 okulun yerine \u00e7elik konstr\u00fcksiyon yap\u0131lar in\u015fa edilecek.<\/strong><\/p>\n\n\n\n<p>Pazarc\u0131k ve Elbistan merkezli 7,7 ve 7,6 b\u00fcy\u00fckl\u00fc\u011f\u00fcndeki depremler sonras\u0131nda \u00c7evre, \u015eehircilik ve \u0130klim De\u011fi\u015fikli\u011fi \u0130l M\u00fcd\u00fcrl\u00fc\u011f\u00fc ekipleri, 2 bin 747 okulda hasar tespit \u00e7al\u0131\u015fmas\u0131 yapt\u0131.<\/p>\n\n\n\n<p>\u0130ncelemede 63 okulun a\u011f\u0131r, 37\u2019sinin orta hasarl\u0131, 970\u2019inin az hasarl\u0131 di\u011ferlerinin ise hasars\u0131z oldu\u011fu tespit edildi.<\/p>\n\n\n\n<p>Az hasarl\u0131 okullar\u0131n tadilat\u0131 k\u0131sa s\u00fcre i\u00e7inde yap\u0131ld\u0131 ve buralarda e\u011fitime devam edildi.<\/p>\n\n\n\n<p>\u0130l Milli E\u011fitim M\u00fcd\u00fcr\u00fc Fevzi Kurt, yakla\u015f\u0131k 100 okulun a\u011f\u0131r ve orta hasarl\u0131 oldu\u011funu, 63 okulla ilgili y\u0131k\u0131m karar\u0131 verildi\u011fini belirtti.<\/p>\n\n\n\n<p>Hasar tespit \u00e7al\u0131\u015fmas\u0131 yap\u0131lmadan okullara \u00f6\u011frenci almad\u0131klar\u0131n\u0131 dile getiren Kurt, a\u011f\u0131r ve orta hasarl\u0131 okullarda e\u011fitim alan \u00f6\u011frencilerin ta\u015f\u0131mal\u0131 sistemle en yak\u0131n okullara ili\u015fkilendirildi\u011fini ve e\u011fitimlerine buralarda devam etti\u011fini s\u00f6yledi.<\/p>\n","protected":false},"excerpt":{"rendered":"<p>Kahramanmara\u015f merkezli depremlerden etkilenen \u015eanl\u0131urfa\u2019da y\u0131k\u0131m\u0131na karar verilen a\u011f\u0131r hasarl\u0131 63 okulun yerine \u00e7elik konstr\u00fcksiyon yap\u0131lar&#46;&#46;&#46;<\/p>\n","protected":false},"author":2,"featured_media":5703,"comment_status":"open","ping_status":"open","sticky":false,"template":"","format":"standard","meta":{"inline_featured_image":false,"footnotes":""},"categories":[77],"tags":[1545,178,190,118,107],"manset":[],"class_list":["post-5701","post","type-post","status-publish","format-standard","has-post-thumbnail","hentry","category-cevre-haberleri","tag-agir-hasarli","tag-deprem","tag-okul","tag-sanliurfa","tag-ub"],"_links":{"self":[{"href":"https:\/\/www.urfabugun.com\/index.php\/wp-json\/wp\/v2\/posts\/5701","targetHints":{"allow":["GET"]}}],"collection":[{"href":"https:\/\/www.urfabugun.com\/index.php\/wp-json\/wp\/v2\/posts"}],"about":[{"href":"https:\/\/www.urfabugun.com\/index.php\/wp-json\/wp\/v2\/types\/post"}],"author":[{"embeddable":true,"href":"https:\/\/www.urfabugun.com\/index.php\/wp-json\/wp\/v2\/users\/2"}],"replies":[{"embeddable":true,"href":"https:\/\/www.urfabugun.com\/index.php\/wp-json\/wp\/v2\/comments?post=5701"}],"version-history":[{"count":0,"href":"https:\/\/www.urfabugun.com\/index.php\/wp-json\/wp\/v2\/posts\/5701\/revisions"}],"wp:featuredmedia":[{"embeddable":true,"href":"https:\/\/www.urfabugun.com\/index.php\/wp-json\/wp\/v2\/media\/5703"}],"wp:attachment":[{"href":"https:\/\/www.urfabugun.com\/index.php\/wp-json\/wp\/v2\/media?parent=5701"}],"wp:term":[{"taxonomy":"category","embeddable":true,"href":"https:\/\/www.urfabugun.com\/index.php\/wp-json\/wp\/v2\/categories?post=5701"},{"taxonomy":"post_tag","embeddable":true,"href":"https:\/\/www.urfabugun.com\/index.php\/wp-json\/wp\/v2\/tags?post=5701"},{"taxonomy":"manset","embeddable":true,"href":"https:\/\/www.urfabugun.com\/index.php\/wp-json\/wp\/v2\/manset?post=5701"}],"curies":[{"name":"wp","href":"https:\/\/api.w.org\/{rel}","templated":true}]}}