{"id":5801,"date":"2023-05-16T08:51:31","date_gmt":"2023-05-16T05:51:31","guid":{"rendered":"https:\/\/www.urfabugun.com\/?p=5801"},"modified":"2023-05-16T08:51:37","modified_gmt":"2023-05-16T05:51:37","slug":"oy-kullanacaginiz-okul-degisecek-mi-2-tur-oncesi-tum-bilmeniz-gerekenler","status":"publish","type":"post","link":"https:\/\/www.urfabugun.com\/index.php\/2023\/05\/16\/oy-kullanacaginiz-okul-degisecek-mi-2-tur-oncesi-tum-bilmeniz-gerekenler\/","title":{"rendered":"Oy Kullanaca\u011f\u0131n\u0131z Okul De\u011fi\u015fecek Mi? 2. Tur \u00d6ncesi T\u00fcm Bilmeniz Gerekenler!"},"content":{"rendered":"\n<p><\/p>\n\n\n\n<p><strong>Y\u00fcksek Se\u00e7im Kurulu (YSK) Ba\u015fkan\u0131 Ahmet Yener, d\u00fcn Cumhurba\u015fkan\u0131 Se\u00e7imi&#8217;nde adaylar\u0131n se\u00e7ilme yeterlili\u011fini kazanamad\u0131\u011f\u0131n\u0131, 28 May\u0131s Pazar g\u00fcn\u00fc ikinci tur se\u00e7imin yap\u0131lmas\u0131na karar verildi\u011fini a\u00e7\u0131klad\u0131.<\/strong><\/p>\n\n\n\n<p>Cumhurba\u015fkan\u0131 adaylar\u0131n\u0131n se\u00e7ilme yeterlili\u011fini elde edememesi nedeniyle cumhurba\u015fkanl\u0131\u011f\u0131 se\u00e7imi ikinci tura kald\u0131.<\/p>\n\n\n\n<p>T\u00fcrkiye 28 May\u0131s&#8217;ta yeniden sand\u0131k ba\u015f\u0131na gidecek, oy pusulalar\u0131nda sadece 2 aday bulunacak. \u00d6te yandan se\u00e7menler, ayn\u0131 se\u00e7men bilgi ka\u011f\u0131d\u0131 ile ilk se\u00e7imde oy verdikleri sand\u0131k alanlar\u0131nda oylar\u0131n\u0131 kullanacak.<\/p>\n","protected":false},"excerpt":{"rendered":"<p>Y\u00fcksek Se\u00e7im Kurulu (YSK) Ba\u015fkan\u0131 Ahmet Yener, d\u00fcn Cumhurba\u015fkan\u0131 Se\u00e7imi&#8217;nde adaylar\u0131n se\u00e7ilme yeterlili\u011fini kazanamad\u0131\u011f\u0131n\u0131, 28 May\u0131s&#46;&#46;&#46;<\/p>\n","protected":false},"author":2,"featured_media":5804,"comment_status":"open","ping_status":"open","sticky":false,"template":"","format":"standard","meta":{"inline_featured_image":false,"footnotes":""},"categories":[90],"tags":[1757,213,146,107],"manset":[],"class_list":["post-5801","post","type-post","status-publish","format-standard","has-post-thumbnail","hentry","category-turkiye-haberleri","tag-oy-kullanma","tag-secim","tag-turkiye","tag-ub"],"_links":{"self":[{"href":"https:\/\/www.urfabugun.com\/index.php\/wp-json\/wp\/v2\/posts\/5801","targetHints":{"allow":["GET"]}}],"collection":[{"href":"https:\/\/www.urfabugun.com\/index.php\/wp-json\/wp\/v2\/posts"}],"about":[{"href":"https:\/\/www.urfabugun.com\/index.php\/wp-json\/wp\/v2\/types\/post"}],"author":[{"embeddable":true,"href":"https:\/\/www.urfabugun.com\/index.php\/wp-json\/wp\/v2\/users\/2"}],"replies":[{"embeddable":true,"href":"https:\/\/www.urfabugun.com\/index.php\/wp-json\/wp\/v2\/comments?post=5801"}],"version-history":[{"count":0,"href":"https:\/\/www.urfabugun.com\/index.php\/wp-json\/wp\/v2\/posts\/5801\/revisions"}],"wp:featuredmedia":[{"embeddable":true,"href":"https:\/\/www.urfabugun.com\/index.php\/wp-json\/wp\/v2\/media\/5804"}],"wp:attachment":[{"href":"https:\/\/www.urfabugun.com\/index.php\/wp-json\/wp\/v2\/media?parent=5801"}],"wp:term":[{"taxonomy":"category","embeddable":true,"href":"https:\/\/www.urfabugun.com\/index.php\/wp-json\/wp\/v2\/categories?post=5801"},{"taxonomy":"post_tag","embeddable":true,"href":"https:\/\/www.urfabugun.com\/index.php\/wp-json\/wp\/v2\/tags?post=5801"},{"taxonomy":"manset","embeddable":true,"href":"https:\/\/www.urfabugun.com\/index.php\/wp-json\/wp\/v2\/manset?post=5801"}],"curies":[{"name":"wp","href":"https:\/\/api.w.org\/{rel}","templated":true}]}}