{"id":5847,"date":"2023-05-17T09:01:12","date_gmt":"2023-05-17T06:01:12","guid":{"rendered":"https:\/\/www.urfabugun.com\/?p=5847"},"modified":"2023-05-17T09:01:18","modified_gmt":"2023-05-17T06:01:18","slug":"karakoprunun-bazi-mahallerinde-su-kesintisi-yasanacak","status":"publish","type":"post","link":"https:\/\/www.urfabugun.com\/index.php\/2023\/05\/17\/karakoprunun-bazi-mahallerinde-su-kesintisi-yasanacak\/","title":{"rendered":"Karak\u00f6pr\u00fc\u2019n\u00fcn Baz\u0131 Mahallerinde Su Kesintisi Ya\u015fanacak!"},"content":{"rendered":"\n<p><\/p>\n\n\n\n<p><strong>\u015eanl\u0131urfa\u2019n\u0131n Karak\u00f6pr\u00fc il\u00e7esinin baz\u0131 mahallerinde 17 May\u0131s 2023 \u00c7ar\u015famba g\u00fcn\u00fc (bug\u00fcn) i\u00e7me suyu hat ba\u011flant\u0131s\u0131 \u00e7al\u0131\u015fmas\u0131ndan dolay\u0131 su kesintisi ya\u015fanaca\u011f\u0131 duyuruldu.<\/strong><\/p>\n\n\n\n<p>\u015eanl\u0131urfa B\u00fcy\u00fck\u015fehir Belediyesi\u2019ne ba\u011fl\u0131 \u015eUSK\u0130 Genel M\u00fcd\u00fcrl\u00fc\u011f\u00fc ekipleri taraf\u0131ndan, Karak\u00f6pr\u00fc il\u00e7esindeki G\u00fcll\u00fcba\u011f ve Atakent mahallerinde i\u00e7me suyu hat ba\u011flant\u0131s\u0131 \u00e7al\u0131\u015fmas\u0131ndan dolay\u0131 17 May\u0131s \u00c7ar\u015famba g\u00fcn\u00fc (Bug\u00fcn) 09.00 ile 17.00 aras\u0131 su kesintisi ya\u015fanaca\u011f\u0131 duyuruldu.<\/p>\n","protected":false},"excerpt":{"rendered":"<p>\u015eanl\u0131urfa\u2019n\u0131n Karak\u00f6pr\u00fc il\u00e7esinin baz\u0131 mahallerinde 17 May\u0131s 2023 \u00c7ar\u015famba g\u00fcn\u00fc (bug\u00fcn) i\u00e7me suyu hat ba\u011flant\u0131s\u0131 \u00e7al\u0131\u015fmas\u0131ndan&#46;&#46;&#46;<\/p>\n","protected":false},"author":2,"featured_media":5849,"comment_status":"open","ping_status":"open","sticky":false,"template":"","format":"standard","meta":{"inline_featured_image":false,"footnotes":""},"categories":[77],"tags":[1783,1782,118,1784],"manset":[],"class_list":["post-5847","post","type-post","status-publish","format-standard","has-post-thumbnail","hentry","category-cevre-haberleri","tag-atakent","tag-krakopru","tag-sanliurfa","tag-su-kesintisi"],"_links":{"self":[{"href":"https:\/\/www.urfabugun.com\/index.php\/wp-json\/wp\/v2\/posts\/5847","targetHints":{"allow":["GET"]}}],"collection":[{"href":"https:\/\/www.urfabugun.com\/index.php\/wp-json\/wp\/v2\/posts"}],"about":[{"href":"https:\/\/www.urfabugun.com\/index.php\/wp-json\/wp\/v2\/types\/post"}],"author":[{"embeddable":true,"href":"https:\/\/www.urfabugun.com\/index.php\/wp-json\/wp\/v2\/users\/2"}],"replies":[{"embeddable":true,"href":"https:\/\/www.urfabugun.com\/index.php\/wp-json\/wp\/v2\/comments?post=5847"}],"version-history":[{"count":0,"href":"https:\/\/www.urfabugun.com\/index.php\/wp-json\/wp\/v2\/posts\/5847\/revisions"}],"wp:featuredmedia":[{"embeddable":true,"href":"https:\/\/www.urfabugun.com\/index.php\/wp-json\/wp\/v2\/media\/5849"}],"wp:attachment":[{"href":"https:\/\/www.urfabugun.com\/index.php\/wp-json\/wp\/v2\/media?parent=5847"}],"wp:term":[{"taxonomy":"category","embeddable":true,"href":"https:\/\/www.urfabugun.com\/index.php\/wp-json\/wp\/v2\/categories?post=5847"},{"taxonomy":"post_tag","embeddable":true,"href":"https:\/\/www.urfabugun.com\/index.php\/wp-json\/wp\/v2\/tags?post=5847"},{"taxonomy":"manset","embeddable":true,"href":"https:\/\/www.urfabugun.com\/index.php\/wp-json\/wp\/v2\/manset?post=5847"}],"curies":[{"name":"wp","href":"https:\/\/api.w.org\/{rel}","templated":true}]}}