{"id":5953,"date":"2023-05-19T09:24:17","date_gmt":"2023-05-19T06:24:17","guid":{"rendered":"https:\/\/www.urfabugun.com\/?p=5953"},"modified":"2023-05-19T09:24:23","modified_gmt":"2023-05-19T06:24:23","slug":"hafta-sonu-sanliurfada-hava-nasil-olacak","status":"publish","type":"post","link":"https:\/\/www.urfabugun.com\/index.php\/2023\/05\/19\/hafta-sonu-sanliurfada-hava-nasil-olacak\/","title":{"rendered":"Hafta Sonu \u015eanl\u0131urfa&#8217;da Hava Nas\u0131l Olacak?"},"content":{"rendered":"\n<p><\/p>\n\n\n\n<p><strong>Meteoroloji Genel M\u00fcd\u00fcrl\u00fc\u011f\u00fc taraf\u0131ndan yap\u0131lan son dakika hava tahmin raporlar\u0131na g\u00f6re \u015eanl\u0131urfa\u2019da hafta sonu hava nas\u0131l olacak?<\/strong><\/p>\n\n\n\n<p>Meteoroloji Genel M\u00fcd\u00fcrl\u00fc\u011f\u00fcn\u00fcn yay\u0131nlad\u0131\u011f\u0131 hava tahmini verilerine g\u00f6re \u015eanl\u0131urfa\u2019da hafta sonu en y\u00fcksek hava s\u0131cakl\u0131\u011f\u0131n\u0131n 28 derece olmas\u0131 bekleniyor.<\/p>\n\n\n\n<p>\u015eanl\u0131urfa\u2019da hava durumu bu hafta nas\u0131l seyredecek? \u0130\u015fte Meteoroloji taraf\u0131ndan haz\u0131rlanan hafta sonu hava durumu tahmini.<\/p>\n\n\n\n<p><strong>20 MAYIS CUMARTES\u0130<\/strong><\/p>\n\n\n\n<p>Hava par\u00e7al\u0131 bulutlu ge\u00e7ecek. Beklenen en d\u00fc\u015f\u00fck s\u0131cakl\u0131k 16, en y\u00fcksek 28 derece<\/p>\n\n\n\n<p><strong>21 MAYIS PAZAR<\/strong><\/p>\n\n\n\n<p>Pazar g\u00fcn\u00fc havan\u0131n par\u00e7al\u0131 bulutlu olmas\u0131 beklenirken, en d\u00fc\u015f\u00fck s\u0131cakl\u0131k 17, en y\u00fcksek 28 derece olacak.<\/p>\n","protected":false},"excerpt":{"rendered":"<p>Meteoroloji Genel M\u00fcd\u00fcrl\u00fc\u011f\u00fc taraf\u0131ndan yap\u0131lan son dakika hava tahmin raporlar\u0131na g\u00f6re \u015eanl\u0131urfa\u2019da hafta sonu hava nas\u0131l&#46;&#46;&#46;<\/p>\n","protected":false},"author":2,"featured_media":5955,"comment_status":"open","ping_status":"open","sticky":false,"template":"","format":"standard","meta":{"inline_featured_image":false,"footnotes":""},"categories":[92],"tags":[108,118,107,608],"manset":[],"class_list":["post-5953","post","type-post","status-publish","format-standard","has-post-thumbnail","hentry","category-yasam-haberleri","tag-hava-durumu","tag-sanliurfa","tag-ub","tag-urfa-bugun"],"_links":{"self":[{"href":"https:\/\/www.urfabugun.com\/index.php\/wp-json\/wp\/v2\/posts\/5953","targetHints":{"allow":["GET"]}}],"collection":[{"href":"https:\/\/www.urfabugun.com\/index.php\/wp-json\/wp\/v2\/posts"}],"about":[{"href":"https:\/\/www.urfabugun.com\/index.php\/wp-json\/wp\/v2\/types\/post"}],"author":[{"embeddable":true,"href":"https:\/\/www.urfabugun.com\/index.php\/wp-json\/wp\/v2\/users\/2"}],"replies":[{"embeddable":true,"href":"https:\/\/www.urfabugun.com\/index.php\/wp-json\/wp\/v2\/comments?post=5953"}],"version-history":[{"count":0,"href":"https:\/\/www.urfabugun.com\/index.php\/wp-json\/wp\/v2\/posts\/5953\/revisions"}],"wp:featuredmedia":[{"embeddable":true,"href":"https:\/\/www.urfabugun.com\/index.php\/wp-json\/wp\/v2\/media\/5955"}],"wp:attachment":[{"href":"https:\/\/www.urfabugun.com\/index.php\/wp-json\/wp\/v2\/media?parent=5953"}],"wp:term":[{"taxonomy":"category","embeddable":true,"href":"https:\/\/www.urfabugun.com\/index.php\/wp-json\/wp\/v2\/categories?post=5953"},{"taxonomy":"post_tag","embeddable":true,"href":"https:\/\/www.urfabugun.com\/index.php\/wp-json\/wp\/v2\/tags?post=5953"},{"taxonomy":"manset","embeddable":true,"href":"https:\/\/www.urfabugun.com\/index.php\/wp-json\/wp\/v2\/manset?post=5953"}],"curies":[{"name":"wp","href":"https:\/\/api.w.org\/{rel}","templated":true}]}}