{"id":5969,"date":"2023-05-19T13:29:28","date_gmt":"2023-05-19T10:29:28","guid":{"rendered":"https:\/\/www.urfabugun.com\/?p=5969"},"modified":"2023-05-19T13:29:34","modified_gmt":"2023-05-19T10:29:34","slug":"yurt-disinda-oy-verme-islemi-yarin-baslayacak","status":"publish","type":"post","link":"https:\/\/www.urfabugun.com\/index.php\/2023\/05\/19\/yurt-disinda-oy-verme-islemi-yarin-baslayacak\/","title":{"rendered":"Yurt D\u0131\u015f\u0131nda Oy Verme \u0130\u015flemi Yar\u0131n Ba\u015flayacak!"},"content":{"rendered":"\n<p><\/p>\n\n\n\n<p><strong>Yurt d\u0131\u015f\u0131 2. tur oy kullanma i\u015flemleri i\u00e7in tarihler belli oldu. Cumhurba\u015fkan\u0131 Se\u00e7im\u2019inin 28 May\u0131s Pazar g\u00fcn\u00fc yap\u0131lacak ikinci tur oylamas\u0131 i\u00e7in yurt d\u0131\u015f\u0131 temsilcilikler ve g\u00fcmr\u00fck kap\u0131lar\u0131nda oy verme i\u015flemleri yar\u0131n ba\u015flayacak.\u00a0<\/strong><\/p>\n\n\n\n<p>Cumhurba\u015fkan\u0131 Se\u00e7imi&#8217;nin ikinci oylamaya kalmas\u0131 nedeniyle Y\u00fcksek Se\u00e7im Kurulu&#8217;nun (YSK) ikinci tur i\u00e7in haz\u0131rlad\u0131\u011f\u0131 Se\u00e7im Takvimi&#8217;ne ili\u015fkin s\u00fcre\u00e7 i\u015fleyecek.<\/p>\n\n\n\n<p><strong>YURT DI\u015eI OY VERME \u0130\u015eLEM\u0130 YARIN BA\u015eLIYOR<\/strong><\/p>\n\n\n\n<p>Y\u00fcksek Se\u00e7im Kurulunca (YSK) 28 May\u0131s se\u00e7imi i\u00e7in T\u00fcrkiye&#8217;nin 73 \u00fclkedeki 151 temsilcili\u011finde 167 noktada sand\u0131k kurulacak.<\/p>\n\n\n\n<p>Yurt d\u0131\u015f\u0131 temsilciliklerde oy verme i\u015flemleri yar\u0131n ba\u015flayacak, 24 May\u0131s&#8217;a kadar s\u00fcrecek. Temsilcilikler d\u0131\u015f\u0131nda oy kullanmak isteyenler ise g\u00fcmr\u00fcklerde 28 May\u0131s saat 17.00&#8217;ye kadar oy verebilecek.<\/p>\n\n\n\n<p>D\u0131\u015f temsilciliklerde oy verme i\u015flemi, o temsilcilik i\u00e7in ilan edilen tarih aral\u0131\u011f\u0131nda hafta i\u00e7i ve hafta sonu yerel saatle 09.00 ile 21.00 aras\u0131nda, ba\u015fkonsolosluklara ba\u011fl\u0131 \u015fehirlerde ise yerel saatle 09.00 ile 18.00 aras\u0131nda yap\u0131labilecek.<\/p>\n\n\n\n<p>Yurt d\u0131\u015f\u0131 se\u00e7menler, belirlenen temsilciliklerin herhangi birinde veya sand\u0131k kurulan herhangi bir g\u00fcmr\u00fck kap\u0131s\u0131nda oy kullanabilecek, bu i\u015flem i\u00e7in randevu al\u0131nmas\u0131na gerek olmayacak.<\/p>\n","protected":false},"excerpt":{"rendered":"<p>Yurt d\u0131\u015f\u0131 2. tur oy kullanma i\u015flemleri i\u00e7in tarihler belli oldu. Cumhurba\u015fkan\u0131 Se\u00e7im\u2019inin 28 May\u0131s Pazar&#46;&#46;&#46;<\/p>\n","protected":false},"author":2,"featured_media":5971,"comment_status":"open","ping_status":"open","sticky":false,"template":"","format":"standard","meta":{"inline_featured_image":false,"footnotes":""},"categories":[78],"tags":[1813,213,131,107,1812],"manset":[],"class_list":["post-5969","post","type-post","status-publish","format-standard","has-post-thumbnail","hentry","category-dunya-haberleri","tag-2-tur","tag-secim","tag-son-dakika","tag-ub","tag-yurt-disi"],"_links":{"self":[{"href":"https:\/\/www.urfabugun.com\/index.php\/wp-json\/wp\/v2\/posts\/5969","targetHints":{"allow":["GET"]}}],"collection":[{"href":"https:\/\/www.urfabugun.com\/index.php\/wp-json\/wp\/v2\/posts"}],"about":[{"href":"https:\/\/www.urfabugun.com\/index.php\/wp-json\/wp\/v2\/types\/post"}],"author":[{"embeddable":true,"href":"https:\/\/www.urfabugun.com\/index.php\/wp-json\/wp\/v2\/users\/2"}],"replies":[{"embeddable":true,"href":"https:\/\/www.urfabugun.com\/index.php\/wp-json\/wp\/v2\/comments?post=5969"}],"version-history":[{"count":0,"href":"https:\/\/www.urfabugun.com\/index.php\/wp-json\/wp\/v2\/posts\/5969\/revisions"}],"wp:featuredmedia":[{"embeddable":true,"href":"https:\/\/www.urfabugun.com\/index.php\/wp-json\/wp\/v2\/media\/5971"}],"wp:attachment":[{"href":"https:\/\/www.urfabugun.com\/index.php\/wp-json\/wp\/v2\/media?parent=5969"}],"wp:term":[{"taxonomy":"category","embeddable":true,"href":"https:\/\/www.urfabugun.com\/index.php\/wp-json\/wp\/v2\/categories?post=5969"},{"taxonomy":"post_tag","embeddable":true,"href":"https:\/\/www.urfabugun.com\/index.php\/wp-json\/wp\/v2\/tags?post=5969"},{"taxonomy":"manset","embeddable":true,"href":"https:\/\/www.urfabugun.com\/index.php\/wp-json\/wp\/v2\/manset?post=5969"}],"curies":[{"name":"wp","href":"https:\/\/api.w.org\/{rel}","templated":true}]}}