{"id":6039,"date":"2023-05-22T09:02:17","date_gmt":"2023-05-22T06:02:17","guid":{"rendered":"https:\/\/www.urfabugun.com\/?p=6039"},"modified":"2023-05-22T09:02:24","modified_gmt":"2023-05-22T06:02:24","slug":"meteoroloji-5-gunluk-raporu-acikladi-sanliurfada-hava-nasil-olacak-2","status":"publish","type":"post","link":"https:\/\/www.urfabugun.com\/index.php\/2023\/05\/22\/meteoroloji-5-gunluk-raporu-acikladi-sanliurfada-hava-nasil-olacak-2\/","title":{"rendered":"Meteoroloji 5 G\u00fcnl\u00fck Raporu A\u00e7\u0131klad\u0131: \u015eanl\u0131urfa\u2019da Hava Nas\u0131l Olacak?"},"content":{"rendered":"\n<p><\/p>\n\n\n\n<p><strong>Meteoroloji Genel m\u00fcd\u00fcrl\u00fc\u011f\u00fc 22 ile 26 May\u0131s tarihleri aras\u0131nda \u015eanl\u0131urfa\u2019da beklenen hava durumu tahminleri a\u00e7\u0131kland\u0131.<\/strong><\/p>\n\n\n\n<p>Meteoroloji taraf\u0131ndan yap\u0131lan son dakika hava tahmin raporlar\u0131na g\u00f6re \u015eanl\u0131urfa\u2019da hafta i\u00e7i hava nas\u0131l olacak? \u015eanl\u0131urfa\u2019da hava durumu nas\u0131l? \u015eanl\u0131urfa son dakika hava tahmin raporu ve hava tahminlerine dair detayl\u0131 bilgileri haberin devam\u0131nda bulabilirsiniz.<\/p>\n\n\n\n<p>Meteoroloji Genel M\u00fcd\u00fcrl\u00fc\u011f\u00fc \u015eanl\u0131urfa\u2019da beklenen hava tahminlerini \u015fu \u015fekilde.<\/p>\n\n\n\n<p>Pazartesi, havan\u0131n ya\u011f\u0131\u015fl\u0131 olmas\u0131 bekleniyor, s\u0131cakl\u0131k de\u011ferleri en d\u00fc\u015f\u00fck 15, en y\u00fcksek 29 derece olmas\u0131 bekleniyor.<\/p>\n\n\n\n<p>Sal\u0131 g\u00fcn\u00fc g\u00fcne\u015fli havan\u0131n h\u00e2kim olmas\u0131 bekleniyor en d\u00fc\u015f\u00fck s\u0131cakl\u0131k 15 en y\u00fcksek 28 derece olmas\u0131 bekleniyor.<\/p>\n\n\n\n<p>\u00c7ar\u015famba g\u00fcn\u00fc hava bulutlu olacak, s\u0131cakl\u0131k de\u011ferleri en d\u00fc\u015f\u00fck 18, en y\u00fcksek 29 derece olmas\u0131 bekleniyor.<\/p>\n\n\n\n<p>Per\u015fembe g\u00fcn\u00fc kentte havan\u0131n par\u00e7al\u0131 bulutlu olmas\u0131 beklenirken s\u0131cakl\u0131k de\u011ferleri en d\u00fc\u015f\u00fck 18, en y\u00fcksek 29 derece olmas\u0131 bekleniyor.<\/p>\n\n\n\n<p>Cuma g\u00fcn\u00fc ise haftan\u0131n son g\u00fcn\u00fcnde par\u00e7al\u0131 bulutlu hava h\u00e2kim olmas\u0131 bekleniyor en d\u00fc\u015f\u00fck 19 en y\u00fcksek 31 derece olacak.<\/p>\n","protected":false},"excerpt":{"rendered":"<p>Meteoroloji Genel m\u00fcd\u00fcrl\u00fc\u011f\u00fc 22 ile 26 May\u0131s tarihleri aras\u0131nda \u015eanl\u0131urfa\u2019da beklenen hava durumu tahminleri a\u00e7\u0131kland\u0131. Meteoroloji&#46;&#46;&#46;<\/p>\n","protected":false},"author":2,"featured_media":6041,"comment_status":"open","ping_status":"open","sticky":false,"template":"","format":"standard","meta":{"inline_featured_image":false,"footnotes":""},"categories":[92],"tags":[108,131,107,93,1364],"manset":[],"class_list":["post-6039","post","type-post","status-publish","format-standard","has-post-thumbnail","hentry","category-yasam-haberleri","tag-hava-durumu","tag-son-dakika","tag-ub","tag-ust","tag-yasam"],"_links":{"self":[{"href":"https:\/\/www.urfabugun.com\/index.php\/wp-json\/wp\/v2\/posts\/6039","targetHints":{"allow":["GET"]}}],"collection":[{"href":"https:\/\/www.urfabugun.com\/index.php\/wp-json\/wp\/v2\/posts"}],"about":[{"href":"https:\/\/www.urfabugun.com\/index.php\/wp-json\/wp\/v2\/types\/post"}],"author":[{"embeddable":true,"href":"https:\/\/www.urfabugun.com\/index.php\/wp-json\/wp\/v2\/users\/2"}],"replies":[{"embeddable":true,"href":"https:\/\/www.urfabugun.com\/index.php\/wp-json\/wp\/v2\/comments?post=6039"}],"version-history":[{"count":0,"href":"https:\/\/www.urfabugun.com\/index.php\/wp-json\/wp\/v2\/posts\/6039\/revisions"}],"wp:featuredmedia":[{"embeddable":true,"href":"https:\/\/www.urfabugun.com\/index.php\/wp-json\/wp\/v2\/media\/6041"}],"wp:attachment":[{"href":"https:\/\/www.urfabugun.com\/index.php\/wp-json\/wp\/v2\/media?parent=6039"}],"wp:term":[{"taxonomy":"category","embeddable":true,"href":"https:\/\/www.urfabugun.com\/index.php\/wp-json\/wp\/v2\/categories?post=6039"},{"taxonomy":"post_tag","embeddable":true,"href":"https:\/\/www.urfabugun.com\/index.php\/wp-json\/wp\/v2\/tags?post=6039"},{"taxonomy":"manset","embeddable":true,"href":"https:\/\/www.urfabugun.com\/index.php\/wp-json\/wp\/v2\/manset?post=6039"}],"curies":[{"name":"wp","href":"https:\/\/api.w.org\/{rel}","templated":true}]}}