{"id":6098,"date":"2023-05-23T09:35:56","date_gmt":"2023-05-23T06:35:56","guid":{"rendered":"https:\/\/www.urfabugun.com\/?p=6098"},"modified":"2023-05-23T09:36:03","modified_gmt":"2023-05-23T06:36:03","slug":"sanliurfada-agir-hasarli-binalarin-yikimi-devam-ediyor","status":"publish","type":"post","link":"https:\/\/www.urfabugun.com\/index.php\/2023\/05\/23\/sanliurfada-agir-hasarli-binalarin-yikimi-devam-ediyor\/","title":{"rendered":"\u015eanl\u0131urfa\u2019da A\u011f\u0131r Hasarl\u0131 Binalar\u0131n Y\u0131k\u0131m\u0131 Devam Ediyor!"},"content":{"rendered":"\n<p><\/p>\n\n\n\n<p><strong>Kahramanmara\u015f merkezli 6 \u015eubat\u2019taki depremlerden etkilenen \u015eanl\u0131urfa\u2019da, a\u011f\u0131r hasarl\u0131 binalar\u0131n y\u0131k\u0131m\u0131na devam edildi.<\/strong><\/p>\n\n\n\n<p>\u00c7evre, \u015eehircilik ve \u0130klim De\u011fi\u015fikli\u011fi Bakanl\u0131\u011f\u0131 koordinasyonunda belediyelerden g\u00f6revlendirilen ekipler, depremlerde a\u011f\u0131r hasar g\u00f6ren ve tehlike olu\u015fturan binalar\u0131 kontroll\u00fc olarak y\u0131kt\u0131.<\/p>\n\n\n\n<p>Kentteki y\u0131k\u0131m \u00e7al\u0131\u015fmalar\u0131, Korukent b\u00f6lgesinde devam ediyor. B\u00f6lgedeki a\u011f\u0131r hasarl\u0131 iki apartman da i\u015f makineleri yard\u0131m\u0131yla y\u0131k\u0131ld\u0131.<\/p>\n\n\n\n<p>Belediye ve polis ekipleri, \u00e7al\u0131\u015fmalar\u0131n s\u00fcrd\u00fc\u011f\u00fc b\u00f6lgede g\u00fcvenlik \u00f6nlemi alarak yollar\u0131 trafi\u011fe kapatt\u0131.<\/p>\n\n\n\n<p>Y\u0131k\u0131m alanlar\u0131ndaki enkaz, kamyonlara y\u00fcklenerek belirlenen depolama alanlar\u0131na ta\u015f\u0131n\u0131yor.<\/p>\n","protected":false},"excerpt":{"rendered":"<p>Kahramanmara\u015f merkezli 6 \u015eubat\u2019taki depremlerden etkilenen \u015eanl\u0131urfa\u2019da, a\u011f\u0131r hasarl\u0131 binalar\u0131n y\u0131k\u0131m\u0131na devam edildi. \u00c7evre, \u015eehircilik ve&#46;&#46;&#46;<\/p>\n","protected":false},"author":2,"featured_media":6100,"comment_status":"open","ping_status":"open","sticky":false,"template":"","format":"standard","meta":{"inline_featured_image":false,"footnotes":""},"categories":[82],"tags":[404,178,1482,118,131,107,608,1838],"manset":[],"class_list":["post-6098","post","type-post","status-publish","format-standard","has-post-thumbnail","hentry","category-gundem-haberleri","tag-adiyaman","tag-deprem","tag-hasarli-bina","tag-sanliurfa","tag-son-dakika","tag-ub","tag-urfa-bugun","tag-yikim"],"_links":{"self":[{"href":"https:\/\/www.urfabugun.com\/index.php\/wp-json\/wp\/v2\/posts\/6098","targetHints":{"allow":["GET"]}}],"collection":[{"href":"https:\/\/www.urfabugun.com\/index.php\/wp-json\/wp\/v2\/posts"}],"about":[{"href":"https:\/\/www.urfabugun.com\/index.php\/wp-json\/wp\/v2\/types\/post"}],"author":[{"embeddable":true,"href":"https:\/\/www.urfabugun.com\/index.php\/wp-json\/wp\/v2\/users\/2"}],"replies":[{"embeddable":true,"href":"https:\/\/www.urfabugun.com\/index.php\/wp-json\/wp\/v2\/comments?post=6098"}],"version-history":[{"count":0,"href":"https:\/\/www.urfabugun.com\/index.php\/wp-json\/wp\/v2\/posts\/6098\/revisions"}],"wp:featuredmedia":[{"embeddable":true,"href":"https:\/\/www.urfabugun.com\/index.php\/wp-json\/wp\/v2\/media\/6100"}],"wp:attachment":[{"href":"https:\/\/www.urfabugun.com\/index.php\/wp-json\/wp\/v2\/media?parent=6098"}],"wp:term":[{"taxonomy":"category","embeddable":true,"href":"https:\/\/www.urfabugun.com\/index.php\/wp-json\/wp\/v2\/categories?post=6098"},{"taxonomy":"post_tag","embeddable":true,"href":"https:\/\/www.urfabugun.com\/index.php\/wp-json\/wp\/v2\/tags?post=6098"},{"taxonomy":"manset","embeddable":true,"href":"https:\/\/www.urfabugun.com\/index.php\/wp-json\/wp\/v2\/manset?post=6098"}],"curies":[{"name":"wp","href":"https:\/\/api.w.org\/{rel}","templated":true}]}}