{"id":6186,"date":"2023-05-25T12:21:00","date_gmt":"2023-05-25T09:21:00","guid":{"rendered":"https:\/\/www.urfabugun.com\/?p=6186"},"modified":"2023-05-25T12:21:06","modified_gmt":"2023-05-25T09:21:06","slug":"sanliurfada-iki-grup-arasinda-kavga-1-agir-yarali","status":"publish","type":"post","link":"https:\/\/www.urfabugun.com\/index.php\/2023\/05\/25\/sanliurfada-iki-grup-arasinda-kavga-1-agir-yarali\/","title":{"rendered":"\u015eanl\u0131urfa\u2019da \u0130ki Grup Aras\u0131nda Kavga: 1 A\u011f\u0131r Yaral\u0131!"},"content":{"rendered":"\n<p><\/p>\n\n\n\n<p><strong>\u015eanl\u0131urfa&#8217;n\u0131n Viran\u015fehir il\u00e7esinde iki grup aras\u0131nda \u00e7\u0131kan kavgada 17 ya\u015f\u0131ndaki gen\u00e7 a\u011f\u0131r yaraland\u0131.<\/strong><\/p>\n\n\n\n<p>Olay \u015eanl\u0131urfa\u2019n\u0131n Viran\u015fehir il\u00e7esine ba\u011fl\u0131 Yeni\u015fehir Mahallesi Okullar B\u00f6lgesinde meydana geldi.<\/p>\n\n\n\n<p>\u0130ki grup gencin aras\u0131nda hen\u00fcz bilinmeyen bir nedenden dolay\u0131 tart\u0131\u015fma \u00e7\u0131kt\u0131. K\u0131sa s\u00fcrede kavgaya d\u00f6nen olayda17 ya\u015f\u0131ndaki gen\u00e7 a\u011f\u0131r yaraland\u0131.<\/p>\n\n\n\n<p>\u0130hbar \u00fczerine olay yerine \u00e7ok say\u0131da polis ve sa\u011fl\u0131k ekibi sevk edildi.<\/p>\n\n\n\n<p>Kavgada yaralanan 17 ya\u015f\u0131ndaki gen\u00e7 sa\u011fl\u0131k ekiplerince Viran\u015fehir Devlet Hastanesine kald\u0131r\u0131ld\u0131. ilk m\u00fcdahalenin ard\u0131ndan a\u011f\u0131r yaral\u0131 gen\u00e7 ambulansa \u015eanl\u0131urfa E\u011fitim ve Ara\u015ft\u0131rma Hastanesine sevk edildi.<\/p>\n","protected":false},"excerpt":{"rendered":"<p>\u015eanl\u0131urfa&#8217;n\u0131n Viran\u015fehir il\u00e7esinde iki grup aras\u0131nda \u00e7\u0131kan kavgada 17 ya\u015f\u0131ndaki gen\u00e7 a\u011f\u0131r yaraland\u0131. Olay \u015eanl\u0131urfa\u2019n\u0131n Viran\u015fehir&#46;&#46;&#46;<\/p>\n","protected":false},"author":2,"featured_media":6188,"comment_status":"open","ping_status":"open","sticky":false,"template":"","format":"standard","meta":{"inline_featured_image":false,"footnotes":""},"categories":[75],"tags":[1687,131,107,608,226],"manset":[],"class_list":["post-6186","post","type-post","status-publish","format-standard","has-post-thumbnail","hentry","category-asayis-haberleri","tag-kavga","tag-son-dakika","tag-ub","tag-urfa-bugun","tag-viransehir"],"_links":{"self":[{"href":"https:\/\/www.urfabugun.com\/index.php\/wp-json\/wp\/v2\/posts\/6186","targetHints":{"allow":["GET"]}}],"collection":[{"href":"https:\/\/www.urfabugun.com\/index.php\/wp-json\/wp\/v2\/posts"}],"about":[{"href":"https:\/\/www.urfabugun.com\/index.php\/wp-json\/wp\/v2\/types\/post"}],"author":[{"embeddable":true,"href":"https:\/\/www.urfabugun.com\/index.php\/wp-json\/wp\/v2\/users\/2"}],"replies":[{"embeddable":true,"href":"https:\/\/www.urfabugun.com\/index.php\/wp-json\/wp\/v2\/comments?post=6186"}],"version-history":[{"count":0,"href":"https:\/\/www.urfabugun.com\/index.php\/wp-json\/wp\/v2\/posts\/6186\/revisions"}],"wp:featuredmedia":[{"embeddable":true,"href":"https:\/\/www.urfabugun.com\/index.php\/wp-json\/wp\/v2\/media\/6188"}],"wp:attachment":[{"href":"https:\/\/www.urfabugun.com\/index.php\/wp-json\/wp\/v2\/media?parent=6186"}],"wp:term":[{"taxonomy":"category","embeddable":true,"href":"https:\/\/www.urfabugun.com\/index.php\/wp-json\/wp\/v2\/categories?post=6186"},{"taxonomy":"post_tag","embeddable":true,"href":"https:\/\/www.urfabugun.com\/index.php\/wp-json\/wp\/v2\/tags?post=6186"},{"taxonomy":"manset","embeddable":true,"href":"https:\/\/www.urfabugun.com\/index.php\/wp-json\/wp\/v2\/manset?post=6186"}],"curies":[{"name":"wp","href":"https:\/\/api.w.org\/{rel}","templated":true}]}}