{"id":6237,"date":"2023-05-27T10:40:00","date_gmt":"2023-05-27T07:40:00","guid":{"rendered":"https:\/\/www.urfabugun.com\/?p=6237"},"modified":"2023-05-27T10:20:27","modified_gmt":"2023-05-27T07:20:27","slug":"sanliurfada-deprem-ve-selden-etkilenen-muzeler-icin-harekete-gecildi","status":"publish","type":"post","link":"https:\/\/www.urfabugun.com\/index.php\/2023\/05\/27\/sanliurfada-deprem-ve-selden-etkilenen-muzeler-icin-harekete-gecildi\/","title":{"rendered":"\u015eanl\u0131urfa\u2019da Deprem Ve Selden Etkilenen M\u00fczeler \u0130\u00e7in Harekete Ge\u00e7ildi!"},"content":{"rendered":"\n<p><\/p>\n\n\n\n<p><strong>\u015eanl\u0131urfa \u0130l K\u00fclt\u00fcr ve Turizm M\u00fcd\u00fcrl\u00fc\u011f\u00fc, \u015fehirde meydana gelen sel felaketi sonucunda zarar g\u00f6ren Arkeoloji ve Mozaik M\u00fczelerinin onar\u0131m s\u00fcrecini h\u0131zland\u0131rmak amac\u0131yla ihale s\u00fcrecini ba\u015flatt\u0131\u011f\u0131n\u0131 duyurdu.<\/strong><\/p>\n\n\n\n<p>6 \u015eubat Kahramanmara\u015f Depremi ve ya\u015fanan sel felaketi, \u015eanl\u0131urfa\u2019daki Arkeoloji ve Mozaik M\u00fczelerinde \u00f6nemli hasarlara neden oldu. Bu durum, m\u00fczelerin ge\u00e7ici olarak ziyarete kapat\u0131lmas\u0131n\u0131 gerektirdi.<\/p>\n\n\n\n<p>K\u00fclt\u00fcr ve Turizm Bakanl\u0131\u011f\u0131 yetkilileri, deprem ve sel kaynakl\u0131 hasarlar\u0131n onar\u0131m\u0131 i\u00e7in ihale s\u00fcrecinin tamamland\u0131\u011f\u0131n\u0131 ve yer tesliminin ger\u00e7ekle\u015ftirildi\u011fini duyurdu. Bu kapsamda, m\u00fczelerin en k\u0131sa s\u00fcrede ziyarete a\u00e7\u0131labilmesi i\u00e7in \u00f6ncelikli alanlar belirlenerek onar\u0131m \u00e7al\u0131\u015fmalar\u0131na ba\u015flanacak.<\/p>\n\n\n\n<p>\u015eanl\u0131urfa \u0130l K\u00fclt\u00fcr ve Turizm M\u00fcd\u00fcrl\u00fc\u011f\u00fc, m\u00fczelerin zarar g\u00f6ren b\u00f6l\u00fcmlerinin titizlikle onar\u0131larak eski ihti\u015fam\u0131na kavu\u015faca\u011f\u0131n\u0131 belirtti. Onar\u0131m s\u00fcrecinde, m\u00fczelerin tarihi ve k\u00fclt\u00fcrel de\u011ferlerinin korunmas\u0131na b\u00fcy\u00fck \u00f6nem verilecek. Ayr\u0131ca, m\u00fczelerin g\u00fcvenli\u011fi de g\u00f6z \u00f6n\u00fcnde bulundurularak gerekli \u00f6nlemler al\u0131nacak.<\/p>\n\n\n\n<p>Arkeoloji ve Mozaik M\u00fczeleri, \u015eanl\u0131urfa\u2019n\u0131n k\u00fclt\u00fcrel zenginliklerini sergiledi\u011fi \u00f6nemli mekanlardan biri olarak biliniyor. M\u00fczeler, ziyaret\u00e7ilere tarihi ve arkeolojik eserlerle dolu bir yolculuk imkan\u0131 sunuyor. Sel felaketinin neden oldu\u011fu hasar\u0131n onar\u0131lmas\u0131yla birlikte, ziyaret\u00e7iler tekrar bu benzersiz k\u00fclt\u00fcrel miras\u0131 ke\u015ffedebilecekler.<\/p>\n","protected":false},"excerpt":{"rendered":"<p>\u015eanl\u0131urfa \u0130l K\u00fclt\u00fcr ve Turizm M\u00fcd\u00fcrl\u00fc\u011f\u00fc, \u015fehirde meydana gelen sel felaketi sonucunda zarar g\u00f6ren Arkeoloji ve&#46;&#46;&#46;<\/p>\n","protected":false},"author":2,"featured_media":6239,"comment_status":"open","ping_status":"open","sticky":false,"template":"","format":"standard","meta":{"inline_featured_image":false,"footnotes":""},"categories":[82],"tags":[1870,868,131,107,608],"manset":[],"class_list":["post-6237","post","type-post","status-publish","format-standard","has-post-thumbnail","hentry","category-gundem-haberleri","tag-muze","tag-sel","tag-son-dakika","tag-ub","tag-urfa-bugun"],"_links":{"self":[{"href":"https:\/\/www.urfabugun.com\/index.php\/wp-json\/wp\/v2\/posts\/6237","targetHints":{"allow":["GET"]}}],"collection":[{"href":"https:\/\/www.urfabugun.com\/index.php\/wp-json\/wp\/v2\/posts"}],"about":[{"href":"https:\/\/www.urfabugun.com\/index.php\/wp-json\/wp\/v2\/types\/post"}],"author":[{"embeddable":true,"href":"https:\/\/www.urfabugun.com\/index.php\/wp-json\/wp\/v2\/users\/2"}],"replies":[{"embeddable":true,"href":"https:\/\/www.urfabugun.com\/index.php\/wp-json\/wp\/v2\/comments?post=6237"}],"version-history":[{"count":0,"href":"https:\/\/www.urfabugun.com\/index.php\/wp-json\/wp\/v2\/posts\/6237\/revisions"}],"wp:featuredmedia":[{"embeddable":true,"href":"https:\/\/www.urfabugun.com\/index.php\/wp-json\/wp\/v2\/media\/6239"}],"wp:attachment":[{"href":"https:\/\/www.urfabugun.com\/index.php\/wp-json\/wp\/v2\/media?parent=6237"}],"wp:term":[{"taxonomy":"category","embeddable":true,"href":"https:\/\/www.urfabugun.com\/index.php\/wp-json\/wp\/v2\/categories?post=6237"},{"taxonomy":"post_tag","embeddable":true,"href":"https:\/\/www.urfabugun.com\/index.php\/wp-json\/wp\/v2\/tags?post=6237"},{"taxonomy":"manset","embeddable":true,"href":"https:\/\/www.urfabugun.com\/index.php\/wp-json\/wp\/v2\/manset?post=6237"}],"curies":[{"name":"wp","href":"https:\/\/api.w.org\/{rel}","templated":true}]}}