{"id":6249,"date":"2023-05-27T09:52:00","date_gmt":"2023-05-27T06:52:00","guid":{"rendered":"https:\/\/www.urfabugun.com\/?p=6249"},"modified":"2023-05-27T09:52:08","modified_gmt":"2023-05-27T06:52:08","slug":"suriyelilerin-ulkelerine-geri-donusu-suruyor","status":"publish","type":"post","link":"https:\/\/www.urfabugun.com\/index.php\/2023\/05\/27\/suriyelilerin-ulkelerine-geri-donusu-suruyor\/","title":{"rendered":"Suriyelilerin \u00dclkelerine Geri D\u00f6n\u00fc\u015f\u00fc S\u00fcr\u00fcyor!"},"content":{"rendered":"\n<p><\/p>\n\n\n\n<p><strong>Ge\u00e7ici koruma kapsam\u0131nda T\u00fcrkiye&#8217;de bulunan Suriyelilerin \u00fclkelerine geri d\u00f6n\u00fc\u015f\u00fc devam ediyor.<\/strong><\/p>\n\n\n\n<p>T\u00fcrk Silahl\u0131 Kuvvetleri taraf\u0131ndan F\u0131rat Kalkan\u0131, Zeytin Dal\u0131 ve Bar\u0131\u015f P\u0131nar\u0131 harek\u00e2tlar\u0131yla ter\u00f6rden ar\u0131nd\u0131r\u0131lan ve g\u00fcvenli\u011fin sa\u011fland\u0131\u011f\u0131 b\u00f6lgelerde hayat\u0131n normalle\u015fmesine y\u00f6nelik hizmetler s\u00fcr\u00fcyor.<\/p>\n\n\n\n<p>T\u00fcrkiye\u2019nin dan\u0131\u015fmanl\u0131\u011f\u0131nda, yerel meclislerce, e\u011fitimden sa\u011fl\u0131\u011fa, ula\u015ft\u0131rmadan altyap\u0131ya, spordan gen\u00e7lik \u00e7al\u0131\u015fmalar\u0131na ve ticaretin art\u0131r\u0131lmas\u0131na y\u00f6nelik yat\u0131r\u0131mlarla cazip hale getirilen b\u00f6lgelere Suriyelilerin g\u00f6n\u00fcll\u00fc d\u00f6n\u00fc\u015f\u00fc de devam ediyor.<\/p>\n\n\n\n<figure class=\"wp-block-image size-full\"><img loading=\"lazy\" decoding=\"async\" width=\"1024\" height=\"717\" src=\"https:\/\/www.urfabugun.com\/wp-content\/uploads\/2023\/05\/akcakale-suriye-1024x717-1.jpg\" alt=\"\" class=\"wp-image-6252\"\/><\/figure>\n\n\n\n<p>Ak\u00e7akale il\u00e7esine gelen bir grup Suriyeli, s\u0131n\u0131r kap\u0131s\u0131 yak\u0131n\u0131nda bulunan G\u00f6\u00e7 \u0130daresi Ba\u015fkanl\u0131\u011f\u0131 Ak\u00e7akale G\u00f6n\u00fcll\u00fc Geri D\u00f6n\u00fc\u015f B\u00fcrosu\u2019ndaki i\u015flemlerinin ard\u0131ndan Ak\u00e7akale G\u00fcmr\u00fck Kap\u0131s\u0131\u2019ndan ge\u00e7erek, \u00fclkelerine gitti.<\/p>\n\n\n\n<p>Suriyeliler, Tel Abyad il\u00e7esinde kendilerini kar\u015f\u0131layan yak\u0131nlar\u0131n\u0131n yard\u0131m\u0131yla daha \u00f6nce ya\u015fad\u0131klar\u0131 harekat b\u00f6lgelerine do\u011fru yola \u00e7\u0131kt\u0131.<\/p>\n\n\n\n<p>Tel Abyad\u2019da yak\u0131nlar\u0131yla bulu\u015fan Kas\u0131m Musa, gazetecilere, 8 y\u0131l \u00f6nce geldi\u011fi T\u00fcrkiye\u2019den art\u0131k \u00fclkesine d\u00f6nd\u00fc\u011f\u00fcn\u00fc belirtti.<\/p>\n\n\n\n<p>T\u00fcrk halk\u0131na misafirperverli\u011finden dolay\u0131 te\u015fekk\u00fcr eden Musa, \u201c\u0130\u00e7 kar\u0131\u015f\u0131kl\u0131ktan dolay\u0131 T\u00fcrkiye\u2019ye gelmek zorunda kald\u0131m. T\u00fcrkiye\u2019de ya\u015fad\u0131m \u00e7al\u0131\u015ft\u0131m ve \u015fu an Suriye\u2018ye d\u00f6n\u00fcyorum. T\u00fcrkiye\u2019de bizi iyi kar\u015f\u0131lay\u0131p g\u00fczel misafir ettiler. Bundan dolay\u0131 \u00e7ok memnunuz te\u015fekk\u00fcr ediyoruz.\u201d dedi.<\/p>\n","protected":false},"excerpt":{"rendered":"<p>Ge\u00e7ici koruma kapsam\u0131nda T\u00fcrkiye&#8217;de bulunan Suriyelilerin \u00fclkelerine geri d\u00f6n\u00fc\u015f\u00fc devam ediyor. T\u00fcrk Silahl\u0131 Kuvvetleri taraf\u0131ndan F\u0131rat&#46;&#46;&#46;<\/p>\n","protected":false},"author":2,"featured_media":6251,"comment_status":"open","ping_status":"open","sticky":false,"template":"","format":"standard","meta":{"inline_featured_image":false,"footnotes":""},"categories":[82],"tags":[1873,118,131,652,107],"manset":[],"class_list":["post-6249","post","type-post","status-publish","format-standard","has-post-thumbnail","hentry","category-gundem-haberleri","tag-goc","tag-sanliurfa","tag-son-dakika","tag-suriye","tag-ub"],"_links":{"self":[{"href":"https:\/\/www.urfabugun.com\/index.php\/wp-json\/wp\/v2\/posts\/6249","targetHints":{"allow":["GET"]}}],"collection":[{"href":"https:\/\/www.urfabugun.com\/index.php\/wp-json\/wp\/v2\/posts"}],"about":[{"href":"https:\/\/www.urfabugun.com\/index.php\/wp-json\/wp\/v2\/types\/post"}],"author":[{"embeddable":true,"href":"https:\/\/www.urfabugun.com\/index.php\/wp-json\/wp\/v2\/users\/2"}],"replies":[{"embeddable":true,"href":"https:\/\/www.urfabugun.com\/index.php\/wp-json\/wp\/v2\/comments?post=6249"}],"version-history":[{"count":0,"href":"https:\/\/www.urfabugun.com\/index.php\/wp-json\/wp\/v2\/posts\/6249\/revisions"}],"wp:featuredmedia":[{"embeddable":true,"href":"https:\/\/www.urfabugun.com\/index.php\/wp-json\/wp\/v2\/media\/6251"}],"wp:attachment":[{"href":"https:\/\/www.urfabugun.com\/index.php\/wp-json\/wp\/v2\/media?parent=6249"}],"wp:term":[{"taxonomy":"category","embeddable":true,"href":"https:\/\/www.urfabugun.com\/index.php\/wp-json\/wp\/v2\/categories?post=6249"},{"taxonomy":"post_tag","embeddable":true,"href":"https:\/\/www.urfabugun.com\/index.php\/wp-json\/wp\/v2\/tags?post=6249"},{"taxonomy":"manset","embeddable":true,"href":"https:\/\/www.urfabugun.com\/index.php\/wp-json\/wp\/v2\/manset?post=6249"}],"curies":[{"name":"wp","href":"https:\/\/api.w.org\/{rel}","templated":true}]}}