{"id":6259,"date":"2023-05-27T11:22:04","date_gmt":"2023-05-27T08:22:04","guid":{"rendered":"https:\/\/www.urfabugun.com\/?p=6259"},"modified":"2023-05-27T11:22:10","modified_gmt":"2023-05-27T08:22:10","slug":"sanliurfada-2-yeni-idare-mahkemesi-kuruluyor","status":"publish","type":"post","link":"https:\/\/www.urfabugun.com\/index.php\/2023\/05\/27\/sanliurfada-2-yeni-idare-mahkemesi-kuruluyor\/","title":{"rendered":"\u015eanl\u0131urfa\u2019da 2 Yeni \u0130dare Mahkemesi Kuruluyor!"},"content":{"rendered":"\n<p><\/p>\n\n\n\n<p><strong>12 ilde 24 yeni idare mahkemesi kurulacak. Adalet Bakanl\u0131\u011f\u0131&#8217;n\u0131n karar\u0131 Resmi Gazete&#8217;de yay\u0131mland\u0131. \u015eanl\u0131urfa&#8217;da da 4. ve 5. idare mahkemesi kurulacak.<\/strong><\/p>\n\n\n\n<p>Adalet Bakanl\u0131\u011f\u0131\u2019nca 12 ilde 24 yeni idare mahkemesi kurulmas\u0131 kararla\u015ft\u0131r\u0131ld\u0131.<\/p>\n\n\n\n<p>Karar, bug\u00fcnk\u00fc Resmi Gazete\u2019de yay\u0131mland\u0131.<\/p>\n\n\n\n<p>Buna g\u00f6re, 2576 say\u0131l\u0131 B\u00f6lge \u0130dare Mahkemeleri, \u0130dare Mahkemeleri ve Vergi Mahkemelerinin Kurulu\u015fu ve G\u00f6revleri Hakk\u0131nda Kanun\u2019un 2. maddesinin birinci f\u0131rkas\u0131 uyar\u0131nca, 12 \u015fehirde 24 idare mahkemesi kurulmas\u0131 kararla\u015ft\u0131r\u0131ld\u0131.<\/p>\n\n\n\n<p>Buna g\u00f6re, Adana 4\u2019\u00fcnc\u00fc ve 5\u2019inci, Ad\u0131yaman 2\u2019nci, 3\u2019\u00fcnc\u00fc ve 4\u2019\u00fcnc\u00fc, Diyarbak\u0131r 5\u2019inci, Gaziantep 4\u2019\u00fcnc\u00fc ve 5\u2019inci, Hatay 4\u2019\u00fcnc\u00fc, 5\u2019inci ve 6\u2019nc\u0131, \u0130stanbul 17\u2019nci ve 18\u2019inci, \u0130zmir 8\u2019inci, Kahramanmara\u015f 2\u2019nci, 3\u2019\u00fcnc\u00fc ve 4\u2019\u00fcnc\u00fc, Malatya 3\u2019\u00fcnc\u00fc ve 4\u2019\u00fcnc\u00fc, Mu\u011fla 4\u2019\u00fcnc\u00fc, Osmaniye 2\u2019nci ve 3\u2019\u00fcnc\u00fc, \u015eanl\u0131urfa 4\u2019\u00fcnc\u00fc ve 5\u2019inci \u0130dare Mahkemelerinin kurulmas\u0131na karar verildi.<\/p>\n","protected":false},"excerpt":{"rendered":"<p>12 ilde 24 yeni idare mahkemesi kurulacak. Adalet Bakanl\u0131\u011f\u0131&#8217;n\u0131n karar\u0131 Resmi Gazete&#8217;de yay\u0131mland\u0131. \u015eanl\u0131urfa&#8217;da da 4.&#46;&#46;&#46;<\/p>\n","protected":false},"author":2,"featured_media":6261,"comment_status":"open","ping_status":"open","sticky":false,"template":"","format":"standard","meta":{"inline_featured_image":false,"footnotes":""},"categories":[82],"tags":[1874,118,131,107],"manset":[],"class_list":["post-6259","post","type-post","status-publish","format-standard","has-post-thumbnail","hentry","category-gundem-haberleri","tag-idare-mahkemesi","tag-sanliurfa","tag-son-dakika","tag-ub"],"_links":{"self":[{"href":"https:\/\/www.urfabugun.com\/index.php\/wp-json\/wp\/v2\/posts\/6259","targetHints":{"allow":["GET"]}}],"collection":[{"href":"https:\/\/www.urfabugun.com\/index.php\/wp-json\/wp\/v2\/posts"}],"about":[{"href":"https:\/\/www.urfabugun.com\/index.php\/wp-json\/wp\/v2\/types\/post"}],"author":[{"embeddable":true,"href":"https:\/\/www.urfabugun.com\/index.php\/wp-json\/wp\/v2\/users\/2"}],"replies":[{"embeddable":true,"href":"https:\/\/www.urfabugun.com\/index.php\/wp-json\/wp\/v2\/comments?post=6259"}],"version-history":[{"count":0,"href":"https:\/\/www.urfabugun.com\/index.php\/wp-json\/wp\/v2\/posts\/6259\/revisions"}],"wp:featuredmedia":[{"embeddable":true,"href":"https:\/\/www.urfabugun.com\/index.php\/wp-json\/wp\/v2\/media\/6261"}],"wp:attachment":[{"href":"https:\/\/www.urfabugun.com\/index.php\/wp-json\/wp\/v2\/media?parent=6259"}],"wp:term":[{"taxonomy":"category","embeddable":true,"href":"https:\/\/www.urfabugun.com\/index.php\/wp-json\/wp\/v2\/categories?post=6259"},{"taxonomy":"post_tag","embeddable":true,"href":"https:\/\/www.urfabugun.com\/index.php\/wp-json\/wp\/v2\/tags?post=6259"},{"taxonomy":"manset","embeddable":true,"href":"https:\/\/www.urfabugun.com\/index.php\/wp-json\/wp\/v2\/manset?post=6259"}],"curies":[{"name":"wp","href":"https:\/\/api.w.org\/{rel}","templated":true}]}}