{"id":6288,"date":"2023-05-28T21:17:00","date_gmt":"2023-05-28T18:17:00","guid":{"rendered":"https:\/\/www.urfabugun.com\/?p=6288"},"modified":"2023-05-28T21:17:06","modified_gmt":"2023-05-28T18:17:06","slug":"cumhurbaskani-erdogan-secimin-kazanani-sadece-turkiyedir","status":"publish","type":"post","link":"https:\/\/www.urfabugun.com\/index.php\/2023\/05\/28\/cumhurbaskani-erdogan-secimin-kazanani-sadece-turkiyedir\/","title":{"rendered":"Cumhurba\u015fkan\u0131 Erdo\u011fan, \u201cSe\u00e7imin Kazanan\u0131 Sadece T\u00fcrkiye\u2019dir!\u201d"},"content":{"rendered":"\n<p><\/p>\n\n\n\n<p><strong>Cumhurba\u015fkan\u0131 Recep Tayyip Erdo\u011fan, \u201d\u0130n\u015fallah sizlerin g\u00fcvenine 21 y\u0131l lay\u0131k oldu\u011fumuz gibi lay\u0131k olaca\u011f\u0131z. \u0130ki bayram aras\u0131nda bize bir demokrasi bayram\u0131 ya\u015fatan milletime \u015f\u00fckranlar\u0131m\u0131 sunuyorum.\u201d dedi.<\/strong><\/p>\n\n\n\n<p>T\u00fcrkiye, ikinci tura kalan cumhurba\u015fkan\u0131 se\u00e7imi i\u00e7in sand\u0131\u011fa gitti.<\/p>\n\n\n\n<p>Cumhurba\u015fkan\u0131 Recep Tayyip Erdo\u011fan, oy say\u0131m\u0131 devam ederken \u0130stanbul \u00dcsk\u00fcdar K\u0131s\u0131kl\u0131\u2019da toplanan vatanda\u015flara hitap etti.<\/p>\n\n\n\n<p>\u201cCumhurba\u015fkanl\u0131\u011f\u0131 se\u00e7iminin ikinci turunu tamamlam\u0131\u015f bulunuyoruz. \u0130ki bayram aras\u0131nda bize bir demokrasi bayram\u0131 ya\u015fatan milletime \u015f\u00fckranlar\u0131m\u0131 sunuyorum.<\/p>\n\n\n\n<p><strong>\u201dT\u00dcM VATANDA\u015eLARIMA TE\u015eEKK\u00dcR ED\u0130YORUM\u201d<\/strong><\/p>\n\n\n\n<p>Sand\u0131k ba\u015f\u0131na giderek iradesini ortaya koyan t\u00fcm vatanda\u015flar\u0131ma te\u015fekk\u00fcr ediyorum. Kampanya ekibimizi, kad\u0131nlar\u0131m\u0131z\u0131, gen\u00e7lerimizi ve AK Parti davas\u0131na g\u00f6n\u00fcl veren t\u00fcm karde\u015flerimi tebrik ediyorum. Yurt i\u00e7inde ve yurt d\u0131\u015f\u0131nda ikinci tura g\u00f6re y\u00fcksek oy oranlar\u0131 ile sand\u0131\u011fa ko\u015fan herkese te\u015fekk\u00fcr ediyorum. Yapt\u0131\u011f\u0131 tercih ile \u00f6n\u00fcnm\u00fczdeki 5 y\u0131l boyunca \u00fclkeyi y\u00f6netme sorumlulu\u011funu bir kez daha bize tevdi eden milletimizin her bir ferdine te\u015fekk\u00fcr ediyorum.<\/p>\n\n\n\n<p><strong>\u201dG\u00dcVEN\u0130N\u0130ZE LAYIK OLACA\u011eIZ\u201d<\/strong><\/p>\n\n\n\n<p>\u0130n\u015fallah sizlerin g\u00fcvenine 21 y\u0131l lay\u0131k oldu\u011fumuz gibi lay\u0131k olaca\u011f\u0131z. Pazara kadar de\u011fil mezara kadar beraber olaca\u011f\u0131z dedik. Bu sevda burada bitmez dedik. \u015eimdi bak bay bay Kemal diyorlar. Bay bay bay Kemal.\u201d<\/p>\n\n\n\n<p><strong>\u201dKAZANAN SADECE T\u00dcRK\u0130YE\u2019D\u0130R\u201d<\/strong><\/p>\n\n\n\n<p>Bir hesap yap\u0131yorum hesap uzman\u0131y\u0131m diyordu ya 2018\u2019de CHP\u2018nin vekil say\u0131s\u0131 146\u2019yd\u0131 2023\u2019te 169. Fakat malum toplamda y\u00fczde 1 bile oya sahip olmayan malum partilere kiral\u0131k vekil verdi 40 tane. Ne oldu? \u015eimdi 129\u2019a d\u00fc\u015ft\u00fc CHP. Hesap uzman\u0131 ya bu i\u015fleri \u00e7ok iyi bilir. Kaybetti\u011fi vekiller sebebiyle herhalde CHP bunu bay bay bay Kemal\u2019e bunun hesab\u0131n\u0131 soracakt\u0131r. 14 May\u0131s se\u00e7iminin de 28 May\u0131s se\u00e7iminin de galibi 85 milyon vatanda\u015f\u0131m\u0131z\u0131n tamam\u0131d\u0131r. Biz \u00f6yle bir kazanaca\u011f\u0131z ki kimse kaybetmeyecek demi\u015ftim. Bug\u00fcn kazanan sadece T\u00fcrkiye\u2019dir. \u015eimdi T\u00fcrkiye Y\u00fczy\u0131l\u0131\u2019n\u0131n kap\u0131s\u0131n\u0131 a\u00e7t\u0131k ama beraberce a\u00e7t\u0131k.<\/p>\n","protected":false},"excerpt":{"rendered":"<p>Cumhurba\u015fkan\u0131 Recep Tayyip Erdo\u011fan, \u201d\u0130n\u015fallah sizlerin g\u00fcvenine 21 y\u0131l lay\u0131k oldu\u011fumuz gibi lay\u0131k olaca\u011f\u0131z. \u0130ki bayram&#46;&#46;&#46;<\/p>\n","protected":false},"author":2,"featured_media":6290,"comment_status":"open","ping_status":"open","sticky":false,"template":"","format":"standard","meta":{"inline_featured_image":false,"footnotes":""},"categories":[82],"tags":[237,131,146,107,93],"manset":[],"class_list":["post-6288","post","type-post","status-publish","format-standard","has-post-thumbnail","hentry","category-gundem-haberleri","tag-erdogan","tag-son-dakika","tag-turkiye","tag-ub","tag-ust"],"_links":{"self":[{"href":"https:\/\/www.urfabugun.com\/index.php\/wp-json\/wp\/v2\/posts\/6288","targetHints":{"allow":["GET"]}}],"collection":[{"href":"https:\/\/www.urfabugun.com\/index.php\/wp-json\/wp\/v2\/posts"}],"about":[{"href":"https:\/\/www.urfabugun.com\/index.php\/wp-json\/wp\/v2\/types\/post"}],"author":[{"embeddable":true,"href":"https:\/\/www.urfabugun.com\/index.php\/wp-json\/wp\/v2\/users\/2"}],"replies":[{"embeddable":true,"href":"https:\/\/www.urfabugun.com\/index.php\/wp-json\/wp\/v2\/comments?post=6288"}],"version-history":[{"count":0,"href":"https:\/\/www.urfabugun.com\/index.php\/wp-json\/wp\/v2\/posts\/6288\/revisions"}],"wp:featuredmedia":[{"embeddable":true,"href":"https:\/\/www.urfabugun.com\/index.php\/wp-json\/wp\/v2\/media\/6290"}],"wp:attachment":[{"href":"https:\/\/www.urfabugun.com\/index.php\/wp-json\/wp\/v2\/media?parent=6288"}],"wp:term":[{"taxonomy":"category","embeddable":true,"href":"https:\/\/www.urfabugun.com\/index.php\/wp-json\/wp\/v2\/categories?post=6288"},{"taxonomy":"post_tag","embeddable":true,"href":"https:\/\/www.urfabugun.com\/index.php\/wp-json\/wp\/v2\/tags?post=6288"},{"taxonomy":"manset","embeddable":true,"href":"https:\/\/www.urfabugun.com\/index.php\/wp-json\/wp\/v2\/manset?post=6288"}],"curies":[{"name":"wp","href":"https:\/\/api.w.org\/{rel}","templated":true}]}}