{"id":6350,"date":"2023-05-30T09:02:11","date_gmt":"2023-05-30T06:02:11","guid":{"rendered":"https:\/\/www.urfabugun.com\/?p=6350"},"modified":"2023-05-30T09:02:18","modified_gmt":"2023-05-30T06:02:18","slug":"millet-ittifakinin-genel-baskanlari-meclis-disinda-kaldi","status":"publish","type":"post","link":"https:\/\/www.urfabugun.com\/index.php\/2023\/05\/30\/millet-ittifakinin-genel-baskanlari-meclis-disinda-kaldi\/","title":{"rendered":"Millet \u0130ttifak\u0131\u2019n\u0131n Genel Ba\u015fkanlar\u0131 Meclis D\u0131\u015f\u0131nda Kald\u0131!"},"content":{"rendered":"\n<p><\/p>\n\n\n\n<p><strong>T\u00fcrkiye, milletvekili ve cumhurba\u015fkan\u0131 se\u00e7im s\u00fcrecini tamamlad\u0131. Her iki se\u00e7imde de kazanan Cumhur \u0130ttifak\u0131 oldu. G\u00fc\u00e7lendirilmi\u015f Parlamenter Sistem vaadiyle yola \u00e7\u0131kan Millet \u0130ttifak\u0131 ise Meclis&#8217;te 212 sandalyede kald\u0131. Millet \u0130ttifak\u0131 orta\u011f\u0131 partilerin genel ba\u015fkanlar\u0131 da yeni d\u00f6nemde Meclis&#8217;te olmayacak.<\/strong><\/p>\n\n\n\n<p>Millet \u0130ttifak\u0131 liderleri, \u015eubat 2022\u2019de b\u00fcy\u00fck iddialarla yola \u00e7\u0131kt\u0131lar. Cumhurba\u015fkan\u0131 Erdo\u011fan\u2019a sand\u0131kta ma\u011flubiyet ya\u015fat\u0131p ba\u015fkanl\u0131k sisteminin yerine \u201cG\u00fc\u00e7lendirilmi\u015f Parlamenter Sistemi\u201d getirmeyi hedeflediler.<\/p>\n\n\n\n<p>Ancak hem Meclis\u2019te \u00e7o\u011funlu\u011fu sa\u011flayamad\u0131lar hem de Cumhurba\u015fkan\u0131 se\u00e7imini bir kez daha Erdo\u011fan kazand\u0131.<\/p>\n\n\n\n<p><strong>M\u0130LLET \u0130TT\u0130FAKI 212 VEK\u0130L \u00c7IKARDI<\/strong><\/p>\n\n\n\n<p>Millet \u0130ttifak\u0131 14 May\u0131s se\u00e7imlerinde Cumhur \u0130ttifak\u0131\u2019ndan daha az say\u0131da milletvekili \u00e7\u0131kard\u0131. 2018\u2019de 146 milletvekili \u00e7\u0131karan CHP\u2018nin bu se\u00e7imde vekil say\u0131s\u0131 169 oldu ama 39\u2019u ittifak ortaklar\u0131na ait. Yani 28\u2019inci d\u00f6nemde CHP 130 milletvekili ile temsil edilecek.<\/p>\n\n\n\n<p>\u0130yi Parti ise 1\u2019i CHP listesinden olmak \u00fczere toplam 44 milletvekili ile Meclis\u2019te olacak.<\/p>\n\n\n\n<p>Toplam 212 milletvekili \u00e7\u0131karabilen Millet \u0130ttifak\u0131 \u00e7o\u011funluk say\u0131s\u0131n\u0131n uza\u011f\u0131nda kald\u0131.<\/p>\n\n\n\n<p>B\u00f6ylece \u201cParlamenter sisteme d\u00f6n\u00fc\u015f\u201d projesi de ba\u015flamadan bitti<\/p>\n\n\n\n<p><strong>GENEL BA\u015eKANLAR TBMM DI\u015eINDA<\/strong><\/p>\n\n\n\n<p>Millet \u0130ttifak\u0131, Cumhurba\u015fkan\u0131 se\u00e7iminde kaybeden oldu. K\u0131l\u0131\u00e7daro\u011flu\u2019nun oy oran\u0131 Cumhurba\u015fkan\u0131 Erdo\u011fan\u2019\u0131n gerisinde kald\u0131. Ve Millet \u0130ttifak\u0131\u2019n\u0131 olu\u015fturan partilerin genel ba\u015fkanlar\u0131n\u0131n hepsi Meclis d\u0131\u015f\u0131nda kald\u0131. Kemal K\u0131l\u0131\u00e7daro\u011flu, Meral Ak\u015fener, Ali Babacan, Ahmet Davuto\u011flu, Temel Karamollao\u011flu ve G\u00fcltekin Uysal Meclis\u2019te partilerinin ba\u015f\u0131nda olamayacak.<\/p>\n\n\n\n<p>Millet \u0130ttifak\u0131\u2019nda bakanl\u0131k vaadiyle milletvekili aday\u0131 yap\u0131lmayan parti kurmaylar\u0131 da vard\u0131.<\/p>\n\n\n\n<p>Hem CHP\u2019nin hem de \u0130yi Parti\u2019nin \u00f6nemli isimleri bu d\u00f6nem Meclis\u2019te yer almayacak.<\/p>\n","protected":false},"excerpt":{"rendered":"<p>T\u00fcrkiye, milletvekili ve cumhurba\u015fkan\u0131 se\u00e7im s\u00fcrecini tamamlad\u0131. Her iki se\u00e7imde de kazanan Cumhur \u0130ttifak\u0131 oldu. G\u00fc\u00e7lendirilmi\u015f&#46;&#46;&#46;<\/p>\n","protected":false},"author":2,"featured_media":6352,"comment_status":"open","ping_status":"open","sticky":false,"template":"","format":"standard","meta":{"inline_featured_image":false,"footnotes":""},"categories":[82],"tags":[1895,347,131,146,107],"manset":[],"class_list":["post-6350","post","type-post","status-publish","format-standard","has-post-thumbnail","hentry","category-gundem-haberleri","tag-millet-ittifaki","tag-milletvekili","tag-son-dakika","tag-turkiye","tag-ub"],"_links":{"self":[{"href":"https:\/\/www.urfabugun.com\/index.php\/wp-json\/wp\/v2\/posts\/6350","targetHints":{"allow":["GET"]}}],"collection":[{"href":"https:\/\/www.urfabugun.com\/index.php\/wp-json\/wp\/v2\/posts"}],"about":[{"href":"https:\/\/www.urfabugun.com\/index.php\/wp-json\/wp\/v2\/types\/post"}],"author":[{"embeddable":true,"href":"https:\/\/www.urfabugun.com\/index.php\/wp-json\/wp\/v2\/users\/2"}],"replies":[{"embeddable":true,"href":"https:\/\/www.urfabugun.com\/index.php\/wp-json\/wp\/v2\/comments?post=6350"}],"version-history":[{"count":0,"href":"https:\/\/www.urfabugun.com\/index.php\/wp-json\/wp\/v2\/posts\/6350\/revisions"}],"wp:featuredmedia":[{"embeddable":true,"href":"https:\/\/www.urfabugun.com\/index.php\/wp-json\/wp\/v2\/media\/6352"}],"wp:attachment":[{"href":"https:\/\/www.urfabugun.com\/index.php\/wp-json\/wp\/v2\/media?parent=6350"}],"wp:term":[{"taxonomy":"category","embeddable":true,"href":"https:\/\/www.urfabugun.com\/index.php\/wp-json\/wp\/v2\/categories?post=6350"},{"taxonomy":"post_tag","embeddable":true,"href":"https:\/\/www.urfabugun.com\/index.php\/wp-json\/wp\/v2\/tags?post=6350"},{"taxonomy":"manset","embeddable":true,"href":"https:\/\/www.urfabugun.com\/index.php\/wp-json\/wp\/v2\/manset?post=6350"}],"curies":[{"name":"wp","href":"https:\/\/api.w.org\/{rel}","templated":true}]}}