{"id":6427,"date":"2023-05-31T14:59:15","date_gmt":"2023-05-31T11:59:15","guid":{"rendered":"https:\/\/www.urfabugun.com\/?p=6427"},"modified":"2023-05-31T14:59:21","modified_gmt":"2023-05-31T11:59:21","slug":"dicle-elektrikten-usulsuz-elektrik-kullanimi-uyarisi","status":"publish","type":"post","link":"https:\/\/www.urfabugun.com\/index.php\/2023\/05\/31\/dicle-elektrikten-usulsuz-elektrik-kullanimi-uyarisi\/","title":{"rendered":"Dicle Elektrik\u2019ten Usuls\u00fcz Elektrik Kullan\u0131m\u0131 Uyar\u0131s\u0131!"},"content":{"rendered":"\n<p><\/p>\n\n\n\n<p>Dicle Elektrik, kay\u0131t d\u0131\u015f\u0131 elektrik t\u00fcketimiyle m\u00fccadele etmek amac\u0131yla tar\u0131msal sulama abonelerinin borcunu \u00f6demeyenlere elektrik kesintisi yapaca\u011f\u0131n\u0131 duyurdu.<\/p>\n\n\n\n<p>\u015eirketten yap\u0131lan yaz\u0131l\u0131 a\u00e7\u0131klamaya g\u00f6re, bug\u00fcne kadar toplam 20 milyar liray\u0131 a\u015fk\u0131n yat\u0131r\u0131m yapan Dicle Elektrik, kay\u0131t d\u0131\u015f\u0131 enerji kullan\u0131m\u0131yla m\u00fccadelesini de s\u00fcrd\u00fcr\u00fcyor.<\/p>\n\n\n\n<p>Tar\u0131msal alanlarda \u00f6zellikle yaz aylar\u0131nda kay\u0131t d\u0131\u015f\u0131 enerji kullan\u0131m\u0131n\u0131n yayg\u0131n oldu\u011fu belirtilerek, bu durumun \u00e7evreye ve bilin\u00e7li t\u00fcketicilere olumsuz etkileri oldu\u011fu vurgulanm\u0131\u015ft\u0131r.<\/p>\n\n\n\n<p>Hem \u00e7evrenin hem de bilin\u00e7li elektrik t\u00fcketen abonelerin olumsuz etkilenmesine sebep olan kay\u0131t d\u0131\u015f\u0131 kullan\u0131mlar nedeniyle Dicle Elektrik\u2019in 13 milyar liray\u0131 a\u015fk\u0131n bor\u00e7 y\u00fck\u00fc bulunuyor. \u015eirket, tar\u0131msal sulama yapan b\u00f6lgelerden kaynaklanan bu bor\u00e7lar\u0131n \u00f6denmemesi durumunda elektrik kesintisi uygulayaca\u011f\u0131n\u0131 ve tar\u0131msal abonelerin y\u00fczde 75\u2019inin bor\u00e7lu oldu\u011funu belirtmi\u015ftir.<\/p>\n\n\n\n<p>\u015eirket, borcunu \u00f6deyen abonelerin hakk\u0131n\u0131 korumak amac\u0131yla elektrik kesintisi yapma karar\u0131nda kararl\u0131 oldu\u011funu ifade etmi\u015ftir.<\/p>\n","protected":false},"excerpt":{"rendered":"<p>Dicle Elektrik, kay\u0131t d\u0131\u015f\u0131 elektrik t\u00fcketimiyle m\u00fccadele etmek amac\u0131yla tar\u0131msal sulama abonelerinin borcunu \u00f6demeyenlere elektrik kesintisi&#46;&#46;&#46;<\/p>\n","protected":false},"author":2,"featured_media":6429,"comment_status":"open","ping_status":"open","sticky":false,"template":"","format":"standard","meta":{"inline_featured_image":false,"footnotes":""},"categories":[82],"tags":[1915,118,131,107],"manset":[],"class_list":["post-6427","post","type-post","status-publish","format-standard","has-post-thumbnail","hentry","category-gundem-haberleri","tag-dicle-elektrik","tag-sanliurfa","tag-son-dakika","tag-ub"],"_links":{"self":[{"href":"https:\/\/www.urfabugun.com\/index.php\/wp-json\/wp\/v2\/posts\/6427","targetHints":{"allow":["GET"]}}],"collection":[{"href":"https:\/\/www.urfabugun.com\/index.php\/wp-json\/wp\/v2\/posts"}],"about":[{"href":"https:\/\/www.urfabugun.com\/index.php\/wp-json\/wp\/v2\/types\/post"}],"author":[{"embeddable":true,"href":"https:\/\/www.urfabugun.com\/index.php\/wp-json\/wp\/v2\/users\/2"}],"replies":[{"embeddable":true,"href":"https:\/\/www.urfabugun.com\/index.php\/wp-json\/wp\/v2\/comments?post=6427"}],"version-history":[{"count":0,"href":"https:\/\/www.urfabugun.com\/index.php\/wp-json\/wp\/v2\/posts\/6427\/revisions"}],"wp:featuredmedia":[{"embeddable":true,"href":"https:\/\/www.urfabugun.com\/index.php\/wp-json\/wp\/v2\/media\/6429"}],"wp:attachment":[{"href":"https:\/\/www.urfabugun.com\/index.php\/wp-json\/wp\/v2\/media?parent=6427"}],"wp:term":[{"taxonomy":"category","embeddable":true,"href":"https:\/\/www.urfabugun.com\/index.php\/wp-json\/wp\/v2\/categories?post=6427"},{"taxonomy":"post_tag","embeddable":true,"href":"https:\/\/www.urfabugun.com\/index.php\/wp-json\/wp\/v2\/tags?post=6427"},{"taxonomy":"manset","embeddable":true,"href":"https:\/\/www.urfabugun.com\/index.php\/wp-json\/wp\/v2\/manset?post=6427"}],"curies":[{"name":"wp","href":"https:\/\/api.w.org\/{rel}","templated":true}]}}