{"id":6465,"date":"2023-06-01T11:51:48","date_gmt":"2023-06-01T08:51:48","guid":{"rendered":"https:\/\/www.urfabugun.com\/?p=6465"},"modified":"2023-06-01T11:51:54","modified_gmt":"2023-06-01T08:51:54","slug":"secim-sonrasi-chpde-isler-karisik","status":"publish","type":"post","link":"https:\/\/www.urfabugun.com\/index.php\/2023\/06\/01\/secim-sonrasi-chpde-isler-karisik\/","title":{"rendered":"Se\u00e7im Sonras\u0131 CHP&#8217;de \u0130\u015fler Kar\u0131\u015f\u0131k!"},"content":{"rendered":"\n<p><\/p>\n\n\n\n<p>Se\u00e7imi kaybetmesinin ard\u0131ndan istifa \u00e7a\u011fr\u0131lar\u0131 yap\u0131lan CHP lideri Kemal K\u0131l\u0131\u00e7daro\u011flu, bug\u00fcn MYK&#8217;y\u0131 topluyor.<\/p>\n\n\n\n<p>Millet \u0130ttifak\u0131&#8217;n\u0131n aday\u0131 Kemal K\u0131l\u0131\u00e7daro\u011flu&#8217;nun se\u00e7imi kaybetmesinin ard\u0131ndan CHP&#8217;deki geli\u015fmeler dikkatle takip ediliyor. CHP lideri &#8220;M\u00fccadeleye devam edece\u011fim&#8221; dese de baz\u0131 kesimlerce istifaya davet edildi.<\/p>\n\n\n\n<p>Partide yenilenmeye gitmek isteyen K\u0131l\u0131\u00e7daro\u011flu&#8217;nun iste\u011fiyle MYK \u00fcyeleri istifalar\u0131n\u0131 sunacak. A tak\u0131m\u0131n\u0131 de\u011fi\u015ftirecek olan CHP lideri cumartesi g\u00fcn\u00fc de Parti Meclisi&#8217;ni toplayacak.<\/p>\n\n\n\n<p><strong>MYK \u00dcYELER\u0130 \u0130ST\u0130FALARINI SUNACAK<\/strong><\/p>\n\n\n\n<p>Sonu\u00e7lar\u0131n a\u00e7\u0131klanmas\u0131n\u0131n ard\u0131ndan ne yapaca\u011f\u0131 merak konusu olan K\u0131l\u0131\u00e7daro\u011flu bug\u00fcn yeni yol haritas\u0131n\u0131 belirlemek i\u00e7in Merkez Y\u00f6netim Kurulu&#8217;nu (MYK) topluyor. De\u011fi\u015fim i\u00e7in d\u00fc\u011fmeye basan K\u0131l\u0131\u00e7daro\u011flu \u00f6ncelikli olarak A tak\u0131m\u0131n\u0131 yenileyecek. Bu nedenle K\u0131l\u0131\u00e7daro\u011flu&#8217;nun MYK \u00fcyelerinden toplant\u0131ya istifalar\u0131yla gelmelerini istedi\u011fi \u00f6\u011frenildi.<\/p>\n\n\n\n<p><strong>KURULTAY KARARI CUMARTES\u0130 G\u00dcN\u00dc G\u00d6R\u00dc\u015e\u00dcLECEK<\/strong><\/p>\n\n\n\n<p>K\u0131l\u0131\u00e7daro\u011flu, de\u011fi\u015fim ve se\u00e7im sonu\u00e7lar\u0131n\u0131 ele almak i\u00e7in cumartesi g\u00fcn\u00fc de Parti Meclisi&#8217;ni toplayacak. Parti Meclisi&#8217;nde 38&#8217;inci Ola\u011fan Kurultay takviminin de netle\u015fmesi bekleniyor. Kurultay\u0131n ne zaman yap\u0131laca\u011f\u0131, K\u0131l\u0131\u00e7daro\u011flu&#8217;nun genel ba\u015fkanl\u0131\u011fa devam edip etmeme konusunda nas\u0131l bir karara varaca\u011f\u0131 da bu toplant\u0131da ele al\u0131nacak. Partinin yeni d\u00f6nemdeki lider kadrosu ise cumartesi g\u00fcn\u00fc yap\u0131lacak Parti Meclisi (PM) toplant\u0131s\u0131 ile \u015fekillenecek. Ayn\u0131 g\u00fcn Cumhuriyet Halk Partisi&#8217;nin Meclis Grup Y\u00f6netimi de belirlenecek.<\/p>\n","protected":false},"excerpt":{"rendered":"<p>Se\u00e7imi kaybetmesinin ard\u0131ndan istifa \u00e7a\u011fr\u0131lar\u0131 yap\u0131lan CHP lideri Kemal K\u0131l\u0131\u00e7daro\u011flu, bug\u00fcn MYK&#8217;y\u0131 topluyor. Millet \u0130ttifak\u0131&#8217;n\u0131n aday\u0131&#46;&#46;&#46;<\/p>\n","protected":false},"author":2,"featured_media":6467,"comment_status":"open","ping_status":"open","sticky":false,"template":"","format":"standard","meta":{"inline_featured_image":false,"footnotes":""},"categories":[82],"tags":[176,1522,213,131,107],"manset":[],"class_list":["post-6465","post","type-post","status-publish","format-standard","has-post-thumbnail","hentry","category-gundem-haberleri","tag-chp","tag-kilicdaroglu","tag-secim","tag-son-dakika","tag-ub"],"_links":{"self":[{"href":"https:\/\/www.urfabugun.com\/index.php\/wp-json\/wp\/v2\/posts\/6465","targetHints":{"allow":["GET"]}}],"collection":[{"href":"https:\/\/www.urfabugun.com\/index.php\/wp-json\/wp\/v2\/posts"}],"about":[{"href":"https:\/\/www.urfabugun.com\/index.php\/wp-json\/wp\/v2\/types\/post"}],"author":[{"embeddable":true,"href":"https:\/\/www.urfabugun.com\/index.php\/wp-json\/wp\/v2\/users\/2"}],"replies":[{"embeddable":true,"href":"https:\/\/www.urfabugun.com\/index.php\/wp-json\/wp\/v2\/comments?post=6465"}],"version-history":[{"count":0,"href":"https:\/\/www.urfabugun.com\/index.php\/wp-json\/wp\/v2\/posts\/6465\/revisions"}],"wp:featuredmedia":[{"embeddable":true,"href":"https:\/\/www.urfabugun.com\/index.php\/wp-json\/wp\/v2\/media\/6467"}],"wp:attachment":[{"href":"https:\/\/www.urfabugun.com\/index.php\/wp-json\/wp\/v2\/media?parent=6465"}],"wp:term":[{"taxonomy":"category","embeddable":true,"href":"https:\/\/www.urfabugun.com\/index.php\/wp-json\/wp\/v2\/categories?post=6465"},{"taxonomy":"post_tag","embeddable":true,"href":"https:\/\/www.urfabugun.com\/index.php\/wp-json\/wp\/v2\/tags?post=6465"},{"taxonomy":"manset","embeddable":true,"href":"https:\/\/www.urfabugun.com\/index.php\/wp-json\/wp\/v2\/manset?post=6465"}],"curies":[{"name":"wp","href":"https:\/\/api.w.org\/{rel}","templated":true}]}}