{"id":6481,"date":"2023-06-02T08:57:59","date_gmt":"2023-06-02T05:57:59","guid":{"rendered":"https:\/\/www.urfabugun.com\/?p=6481"},"modified":"2023-06-02T08:58:06","modified_gmt":"2023-06-02T05:58:06","slug":"kurban-bayrami-oncesi-ogrencilere-1000-liralik-harclik-mujdesi","status":"publish","type":"post","link":"https:\/\/www.urfabugun.com\/index.php\/2023\/06\/02\/kurban-bayrami-oncesi-ogrencilere-1000-liralik-harclik-mujdesi\/","title":{"rendered":"Kurban Bayram\u0131 \u00d6ncesi \u00d6\u011frencilere 1000 Liral\u0131k Har\u00e7l\u0131k M\u00fcjdesi!"},"content":{"rendered":"\n<p><\/p>\n\n\n\n<p><strong>Kurban bayram\u0131na say\u0131l\u0131 g\u00fcnler kala g\u00f6zler Cumhurba\u015fkan\u0131 Recep Tayyip Erdo\u011fan&#8217;\u0131n se\u00e7im vaatleri aras\u0131nda yer alan 1000 TL Bayram har\u00e7l\u0131\u011f\u0131 \u00e7evrildi.<\/strong><\/p>\n\n\n\n<p>YSK taraf\u0131ndan kesin se\u00e7im sonu\u00e7lar\u0131n\u0131n a\u00e7\u0131klanmas\u0131 sonras\u0131 T\u00fcrkiye&#8217;nin 13. Cumhurba\u015fkan\u0131 Recep Tayyip Erdo\u011fan oldu.<\/p>\n\n\n\n<p>Cumhurba\u015fkan\u0131 Erdo\u011fan&#8217;\u0131n se\u00e7im vaatleri aras\u0131nda Bayram har\u00e7l\u0131\u011f\u0131 da vard\u0131. \u00d6\u011frencilere 1000 TL Bayram Har\u00e7l\u0131\u011f\u0131 \u00fccretini ge\u00e7ti\u011fimiz g\u00fcnlerde duyuran Cumhurba\u015fkan\u0131 Erdo\u011fan&#8217;\u0131n yeniden se\u00e7ilmesiyle beraber Bayram har\u00e7l\u0131\u011f\u0131 konusu da bir kez daha g\u00fcndeme oturdu. Kurban Bayram\u0131 \u00f6ncesinde \u00fcniversite \u00f6\u011frencilerine har\u00e7l\u0131k verilecek.<\/p>\n\n\n\n<p>Hen\u00fcz net bir takvim belirlenmemi\u015f olsa da, \u00f6demelerin genellikle bayramdan yakla\u015f\u0131k 10 g\u00fcn \u00f6nce ger\u00e7ekle\u015ftirildi\u011fi ge\u00e7mi\u015f y\u0131llardan biliniyor. Bu y\u0131l da \u00f6\u011frencilerin har\u00e7l\u0131klar\u0131n\u0131n en ge\u00e7 15 Haziran&#8217;da hesaplar\u0131na ge\u00e7ece\u011fi tahmin ediliyor.<\/p>\n\n\n\n<p>Ba\u015fvuru s\u00fcreci hakk\u0131nda detayl\u0131 bilgiler ilerleyen g\u00fcnlerde a\u00e7\u0131klanacak.<\/p>\n","protected":false},"excerpt":{"rendered":"<p>Kurban bayram\u0131na say\u0131l\u0131 g\u00fcnler kala g\u00f6zler Cumhurba\u015fkan\u0131 Recep Tayyip Erdo\u011fan&#8217;\u0131n se\u00e7im vaatleri aras\u0131nda yer alan 1000&#46;&#46;&#46;<\/p>\n","protected":false},"author":2,"featured_media":6483,"comment_status":"open","ping_status":"open","sticky":false,"template":"","format":"standard","meta":{"inline_featured_image":false,"footnotes":""},"categories":[82],"tags":[1495,237,1926,213,131,107,93],"manset":[],"class_list":["post-6481","post","type-post","status-publish","format-standard","has-post-thumbnail","hentry","category-gundem-haberleri","tag-cumhurbaskani","tag-erdogan","tag-harclik","tag-secim","tag-son-dakika","tag-ub","tag-ust"],"_links":{"self":[{"href":"https:\/\/www.urfabugun.com\/index.php\/wp-json\/wp\/v2\/posts\/6481","targetHints":{"allow":["GET"]}}],"collection":[{"href":"https:\/\/www.urfabugun.com\/index.php\/wp-json\/wp\/v2\/posts"}],"about":[{"href":"https:\/\/www.urfabugun.com\/index.php\/wp-json\/wp\/v2\/types\/post"}],"author":[{"embeddable":true,"href":"https:\/\/www.urfabugun.com\/index.php\/wp-json\/wp\/v2\/users\/2"}],"replies":[{"embeddable":true,"href":"https:\/\/www.urfabugun.com\/index.php\/wp-json\/wp\/v2\/comments?post=6481"}],"version-history":[{"count":0,"href":"https:\/\/www.urfabugun.com\/index.php\/wp-json\/wp\/v2\/posts\/6481\/revisions"}],"wp:featuredmedia":[{"embeddable":true,"href":"https:\/\/www.urfabugun.com\/index.php\/wp-json\/wp\/v2\/media\/6483"}],"wp:attachment":[{"href":"https:\/\/www.urfabugun.com\/index.php\/wp-json\/wp\/v2\/media?parent=6481"}],"wp:term":[{"taxonomy":"category","embeddable":true,"href":"https:\/\/www.urfabugun.com\/index.php\/wp-json\/wp\/v2\/categories?post=6481"},{"taxonomy":"post_tag","embeddable":true,"href":"https:\/\/www.urfabugun.com\/index.php\/wp-json\/wp\/v2\/tags?post=6481"},{"taxonomy":"manset","embeddable":true,"href":"https:\/\/www.urfabugun.com\/index.php\/wp-json\/wp\/v2\/manset?post=6481"}],"curies":[{"name":"wp","href":"https:\/\/api.w.org\/{rel}","templated":true}]}}