{"id":6501,"date":"2023-06-02T11:32:48","date_gmt":"2023-06-02T08:32:48","guid":{"rendered":"https:\/\/www.urfabugun.com\/?p=6501"},"modified":"2023-06-02T11:32:55","modified_gmt":"2023-06-02T08:32:55","slug":"suriyeden-suruca-gecmeye-calisan-pkkli-terorist-yakalandi","status":"publish","type":"post","link":"https:\/\/www.urfabugun.com\/index.php\/2023\/06\/02\/suriyeden-suruca-gecmeye-calisan-pkkli-terorist-yakalandi\/","title":{"rendered":"Suriye\u2019den Suru\u00e7\u2019a Ge\u00e7meye \u00c7al\u0131\u015fan PKK&#8217;l\u0131 Ter\u00f6rist Yakaland\u0131!"},"content":{"rendered":"\n<p><\/p>\n\n\n\n<p><strong>\u015eanl\u0131urfa&#8217;n\u0131n Suru\u00e7 il\u00e7esinde Suriye&#8217;den yurda girmeye \u00e7al\u0131\u015fan ter\u00f6r \u00f6rg\u00fct\u00fc PKK\/PYD mensubu yakaland\u0131.<\/strong><\/p>\n\n\n\n<p>Bir ter\u00f6ristin Suriye&#8217;den T\u00fcrkiye&#8217;ye girme te\u015febb\u00fcs\u00fcnde bulunaca\u011f\u0131na y\u00f6nelik istihbarat \u00fczerine s\u0131n\u0131r hatt\u0131ndaki \u00f6nlemler art\u0131r\u0131ld\u0131.<\/p>\n\n\n\n<p>Ekipler, ter\u00f6r \u00f6rg\u00fct\u00fc PKK\/PYD \u00fcyesi oldu\u011fu tespit edilen bu ki\u015fiyi s\u0131n\u0131r hatt\u0131nda yakalad\u0131.<\/p>\n\n\n\n<p>Sa\u011fl\u0131k kontrol\u00fcnden ge\u00e7irilen ter\u00f6rist hakk\u0131nda adli i\u015flem ba\u015flat\u0131ld\u0131.<\/p>\n","protected":false},"excerpt":{"rendered":"<p>\u015eanl\u0131urfa&#8217;n\u0131n Suru\u00e7 il\u00e7esinde Suriye&#8217;den yurda girmeye \u00e7al\u0131\u015fan ter\u00f6r \u00f6rg\u00fct\u00fc PKK\/PYD mensubu yakaland\u0131. Bir ter\u00f6ristin Suriye&#8217;den T\u00fcrkiye&#8217;ye&#46;&#46;&#46;<\/p>\n","protected":false},"author":2,"featured_media":6503,"comment_status":"open","ping_status":"open","sticky":false,"template":"","format":"standard","meta":{"inline_featured_image":false,"footnotes":""},"categories":[75],"tags":[1736,118,210,1189,107],"manset":[],"class_list":["post-6501","post","type-post","status-publish","format-standard","has-post-thumbnail","hentry","category-asayis-haberleri","tag-pkk","tag-sanliurfa","tag-suruc","tag-terorist","tag-ub"],"_links":{"self":[{"href":"https:\/\/www.urfabugun.com\/index.php\/wp-json\/wp\/v2\/posts\/6501","targetHints":{"allow":["GET"]}}],"collection":[{"href":"https:\/\/www.urfabugun.com\/index.php\/wp-json\/wp\/v2\/posts"}],"about":[{"href":"https:\/\/www.urfabugun.com\/index.php\/wp-json\/wp\/v2\/types\/post"}],"author":[{"embeddable":true,"href":"https:\/\/www.urfabugun.com\/index.php\/wp-json\/wp\/v2\/users\/2"}],"replies":[{"embeddable":true,"href":"https:\/\/www.urfabugun.com\/index.php\/wp-json\/wp\/v2\/comments?post=6501"}],"version-history":[{"count":0,"href":"https:\/\/www.urfabugun.com\/index.php\/wp-json\/wp\/v2\/posts\/6501\/revisions"}],"wp:featuredmedia":[{"embeddable":true,"href":"https:\/\/www.urfabugun.com\/index.php\/wp-json\/wp\/v2\/media\/6503"}],"wp:attachment":[{"href":"https:\/\/www.urfabugun.com\/index.php\/wp-json\/wp\/v2\/media?parent=6501"}],"wp:term":[{"taxonomy":"category","embeddable":true,"href":"https:\/\/www.urfabugun.com\/index.php\/wp-json\/wp\/v2\/categories?post=6501"},{"taxonomy":"post_tag","embeddable":true,"href":"https:\/\/www.urfabugun.com\/index.php\/wp-json\/wp\/v2\/tags?post=6501"},{"taxonomy":"manset","embeddable":true,"href":"https:\/\/www.urfabugun.com\/index.php\/wp-json\/wp\/v2\/manset?post=6501"}],"curies":[{"name":"wp","href":"https:\/\/api.w.org\/{rel}","templated":true}]}}