{"id":6534,"date":"2023-06-03T09:40:26","date_gmt":"2023-06-03T06:40:26","guid":{"rendered":"https:\/\/www.urfabugun.com\/?p=6534"},"modified":"2023-06-03T09:40:32","modified_gmt":"2023-06-03T06:40:32","slug":"karakoprude-korkutan-yangin-bag-evi-kullanilamaz-hale-geldi","status":"publish","type":"post","link":"https:\/\/www.urfabugun.com\/index.php\/2023\/06\/03\/karakoprude-korkutan-yangin-bag-evi-kullanilamaz-hale-geldi\/","title":{"rendered":"Karak\u00f6pr\u00fc\u2019de Korkutan Yang\u0131n: Ba\u011f Evi Kullan\u0131lamaz Hale Geldi!"},"content":{"rendered":"\n<p><\/p>\n\n\n\n<p><strong>\u015eanl\u0131urfa\u2019n\u0131n Karak\u00f6pr\u00fc il\u00e7esinde bulanan bir ba\u011f evinde yang\u0131n \u00e7\u0131kt\u0131.<\/strong><\/p>\n\n\n\n<p>Yang\u0131n Karak\u00f6pr\u00fc il\u00e7esine ba\u011fl\u0131 \u00c7aml\u0131yayla Mahallesinde bulunan ba\u011f evinde meydana geldi.<\/p>\n\n\n\n<p>Al\u0131nan bilgiye g\u00f6re \u00c7aml\u0131yayla mahallesinde bulunan ba\u011f evinde hen\u00fcz belirlenemeyen nedenle yang\u0131n \u00e7\u0131kt\u0131.<\/p>\n\n\n\n<p>Ba\u011f evinden yo\u011fun dumanlar\u0131n \u00e7\u0131kt\u0131\u011f\u0131n\u0131 g\u00f6ren vatanda\u015flar durumu itfaiye ekiplerine bildirdi.<\/p>\n\n\n\n<p>\u0130hbar \u00fczerine olay yerine gelen itfaiye ekiplerinin m\u00fcdahalesiyle biti\u015fi\u011findeki evlere s\u0131\u00e7ramadan kontrol alt\u0131na al\u0131narak s\u00f6nd\u00fcr\u00fcld\u00fc. Yang\u0131nda \u015fans eseri \u00f6len veya yaralanan olmazken ba\u011f evi kullan\u0131lamaz hale geldi.<\/p>\n\n\n\n<p>Yang\u0131n\u0131n \u00e7\u0131k\u0131\u015f nedeniyle ilgili inceleme ba\u015flat\u0131ld\u0131.<\/p>\n","protected":false},"excerpt":{"rendered":"<p>\u015eanl\u0131urfa\u2019n\u0131n Karak\u00f6pr\u00fc il\u00e7esinde bulanan bir ba\u011f evinde yang\u0131n \u00e7\u0131kt\u0131. Yang\u0131n Karak\u00f6pr\u00fc il\u00e7esine ba\u011fl\u0131 \u00c7aml\u0131yayla Mahallesinde bulunan&#46;&#46;&#46;<\/p>\n","protected":false},"author":2,"featured_media":6536,"comment_status":"open","ping_status":"open","sticky":false,"template":"","format":"standard","meta":{"inline_featured_image":false,"footnotes":""},"categories":[75],"tags":[499,118,107,211],"manset":[],"class_list":["post-6534","post","type-post","status-publish","format-standard","has-post-thumbnail","hentry","category-asayis-haberleri","tag-karakopru","tag-sanliurfa","tag-ub","tag-yangin"],"_links":{"self":[{"href":"https:\/\/www.urfabugun.com\/index.php\/wp-json\/wp\/v2\/posts\/6534","targetHints":{"allow":["GET"]}}],"collection":[{"href":"https:\/\/www.urfabugun.com\/index.php\/wp-json\/wp\/v2\/posts"}],"about":[{"href":"https:\/\/www.urfabugun.com\/index.php\/wp-json\/wp\/v2\/types\/post"}],"author":[{"embeddable":true,"href":"https:\/\/www.urfabugun.com\/index.php\/wp-json\/wp\/v2\/users\/2"}],"replies":[{"embeddable":true,"href":"https:\/\/www.urfabugun.com\/index.php\/wp-json\/wp\/v2\/comments?post=6534"}],"version-history":[{"count":0,"href":"https:\/\/www.urfabugun.com\/index.php\/wp-json\/wp\/v2\/posts\/6534\/revisions"}],"wp:featuredmedia":[{"embeddable":true,"href":"https:\/\/www.urfabugun.com\/index.php\/wp-json\/wp\/v2\/media\/6536"}],"wp:attachment":[{"href":"https:\/\/www.urfabugun.com\/index.php\/wp-json\/wp\/v2\/media?parent=6534"}],"wp:term":[{"taxonomy":"category","embeddable":true,"href":"https:\/\/www.urfabugun.com\/index.php\/wp-json\/wp\/v2\/categories?post=6534"},{"taxonomy":"post_tag","embeddable":true,"href":"https:\/\/www.urfabugun.com\/index.php\/wp-json\/wp\/v2\/tags?post=6534"},{"taxonomy":"manset","embeddable":true,"href":"https:\/\/www.urfabugun.com\/index.php\/wp-json\/wp\/v2\/manset?post=6534"}],"curies":[{"name":"wp","href":"https:\/\/api.w.org\/{rel}","templated":true}]}}